
{"id":5820,"date":"2019-04-09T07:30:59","date_gmt":"2019-04-09T06:30:59","guid":{"rendered":"https:\/\/www.erudio.si\/blog\/?p=5820"},"modified":"2019-04-10T13:43:01","modified_gmt":"2019-04-10T12:43:01","slug":"25-let-erudio-izobrazevalnega-centra","status":"publish","type":"post","link":"https:\/\/www.erudio.si\/blog\/25-let-erudio-izobrazevalnega-centra\/","title":{"rendered":"25 LET ERUDIO IZOBRA\u017dEVALNEGA CENTRA"},"content":{"rendered":"<h5><strong>25 LET ERUDIO IZOBRA\u017dEVALNEGA CENTRA<\/strong><\/h5>\n<p style=\"text-align: justify;\">Sreda, 20. marca 2019, je bil za nas prav poseben dan. Dan, ko smo s slovesno prireditvijo obele\u017eili \u010detrt stoletja \u017eivljenja na\u0161e ustanove. Bil je dan, ko smo se spomnili za\u010detkov \u0161irjenja znanja in ki segajo v leto 1993. Vse od takrat dalje namre\u010d <a href=\"https:\/\/www.erudio.si\/\">ERUDIO izobra\u017eevalni center<\/a> skrbi za to, da bi ali pa smo \u017ee dosegli tisto, kar se nam je \u0161e v\u010deraj zdelo nedosegljivo. Da bi stopili na pot, ki je prava in da bi si lahko neko\u010d ob dolgih zimskih ve\u010derih s svetlobo v srcu priznali, da smo se na\u0161li\u00a0<strong>\u2026<\/strong><\/p>\n<h5><strong>ZORAN JANKOVI\u010c &#8211; SLAVNOSTNI GOVORNIK<\/strong><\/h5>\n<p style=\"text-align: justify;\">Kako zelo pomembna je in kako mo\u010dno se je na\u0161a izobra\u017eevalna ustanova vsidrala v srca ERUDIOVCEV in njihovih dru\u017ein, pri\u010dajo \u0161tevilni udele\u017eenci dogodka, med katerimi je bil tudi \u017eupan Mestne ob\u010dine Ljubljana, gospod Zoran Jankovi\u010d, ustanovitelja ERUDIO izobra\u017eevalnega centra, gospa Darja in gospod Vojko Mikli\u010d, ter vodstvo posameznih enot ERUDIO IC. Ustanovitelja sta na predstavila pot, ki jo je ERUDIO prehodil od ustanovitve leta 1993, ko se je center imenoval \u0161e Euro\u0161ola in je nudil razli\u010dne jezikovne te\u010daje in izobra\u017eevanje v gimnazijskem programu, do danes, ko je postal izobra\u017eevalno sredi\u0161\u010de. Poleg gimnazije in najrazli\u010dnej\u0161ih srednje\u0161olskih programov namre\u010d danes ERUDIO izobra\u017eevalni center ponuja \u0161tudije v razli\u010dnih vi\u0161jih in visoko\u0161olskih \u0161tudijskih programih.<\/p>\n<h5><strong>KO SPREGOVORI FOTOGRAFIJA &#8230;<\/strong><\/h5>\n<p style=\"text-align: justify;\">In ker vemo, da slika mnogokrat pove ve\u010d, kot zmorejo besede, vas prepu\u0161\u010damo ogledu fotografij. Morda samo \u0161e: dogodek so pripravili <a href=\"https:\/\/www.erudio.si\/slovenscina\/gimnazija\/erudio-zasebna-gimnazija\">dijaki<\/a> in <a href=\"https:\/\/www.erudio.si\/slovenscina\/visokosolsko-sredisce\/erudio-visokosolsko-sredisce\">\u0161tudentje<\/a> (trenutni in nekdanji) razli\u010dnih enot <a href=\"https:\/\/www.erudio.si\/slovenscina\/visja-strokovna-sola\/visja-strokovna-sola?gclid=EAIaIQobChMIr67RpcbF4QIVkx0YCh0noACGEAAYAiAAEgKQefD_BwE\">ERUDIA<\/a>\u00a0z mentorji.<\/p>\n<p>&nbsp;<\/p>\nngg_shortcode_0_placeholder\n","protected":false},"excerpt":{"rendered":"<p>25 LET ERUDIO IZOBRA\u017dEVALNEGA CENTRA Sreda, 20. marca 2019, je bil za nas prav poseben dan. Dan, ko smo s slovesno prireditvijo obele\u017eili \u010detrt stoletja \u017eivljenja na\u0161e ustanove. Bil je dan, ko smo se spomnili za\u010detkov \u0161irjenja znanja in ki&#8230; <a class=\"more-link\" href=\"https:\/\/www.erudio.si\/blog\/25-let-erudio-izobrazevalnega-centra\/\">Nadaljuj z branjem &rarr;<\/a><\/p>\n","protected":false},"author":23,"featured_media":0,"comment_status":"closed","ping_status":"closed","sticky":false,"template":"","format":"standard","meta":{"_monsterinsights_skip_tracking":false,"_monsterinsights_sitenote_active":false,"_monsterinsights_sitenote_note":"","_monsterinsights_sitenote_category":0,"ngg_post_thumbnail":0},"categories":[81],"tags":[555,194,46,83,306,45,556,69,557,559,558,57,199,94,560],"_links":{"self":[{"href":"https:\/\/www.erudio.si\/blog\/wp-json\/wp\/v2\/posts\/5820"}],"collection":[{"href":"https:\/\/www.erudio.si\/blog\/wp-json\/wp\/v2\/posts"}],"about":[{"href":"https:\/\/www.erudio.si\/blog\/wp-json\/wp\/v2\/types\/post"}],"author":[{"embeddable":true,"href":"https:\/\/www.erudio.si\/blog\/wp-json\/wp\/v2\/users\/23"}],"replies":[{"embeddable":true,"href":"https:\/\/www.erudio.si\/blog\/wp-json\/wp\/v2\/comments?post=5820"}],"version-history":[{"count":9,"href":"https:\/\/www.erudio.si\/blog\/wp-json\/wp\/v2\/posts\/5820\/revisions"}],"predecessor-version":[{"id":5829,"href":"https:\/\/www.erudio.si\/blog\/wp-json\/wp\/v2\/posts\/5820\/revisions\/5829"}],"wp:attachment":[{"href":"https:\/\/www.erudio.si\/blog\/wp-json\/wp\/v2\/media?parent=5820"}],"wp:term":[{"taxonomy":"category","embeddable":true,"href":"https:\/\/www.erudio.si\/blog\/wp-json\/wp\/v2\/categories?post=5820"},{"taxonomy":"post_tag","embeddable":true,"href":"https:\/\/www.erudio.si\/blog\/wp-json\/wp\/v2\/tags?post=5820"}],"curies":[{"name":"wp","href":"https:\/\/api.w.org\/{rel}","templated":true}]}}