
{"id":5333,"date":"2019-04-03T16:07:19","date_gmt":"2019-04-03T15:07:19","guid":{"rendered":"https:\/\/www.erudio.si\/blog\/?p=5333"},"modified":"2019-04-03T16:07:19","modified_gmt":"2019-04-03T15:07:19","slug":"srecanje-erasmus-v-italiji","status":"publish","type":"post","link":"https:\/\/www.erudio.si\/blog\/srecanje-erasmus-v-italiji\/","title":{"rendered":"SRE\u010cANJE ERASMUS+ V ITALIJI"},"content":{"rendered":"<p style=\"text-align: justify;\">V nedeljo, 11. 3. 2019, smo se dijaki <a href=\"https:\/\/www.erudio.si\/slovenscina\/gimnazija\/erudio-zasebna-gimnazija?gclid=EAIaIQobChMIjJnv75a04QIVS8KyCh0cPgqSEAAYASAAEgLGAPD_BwE\">ERUDIO zasebne gimnazije<\/a> polni pri\u010dakovanj zbrali pred na\u0161o \u0161olo in se odpravili na pot proti Neaplju. Spremljale so nas tri profesorice in en profesor. Pot z letalom je minila dokaj hitro in mirno, proti ve\u010deru pa smo se \u017ee lahko \u010dudili \u0161tevilnim ulicam italijanskega mesta Neapelj.<\/p>\n<h5><strong>NEAPELJ &#8211; NEVARNO MESTO?<\/strong><\/h5>\n<p>Ker Neapelj slovi kot zelo nevarno mesto, nas je bilo kar malo strah.<\/p>\n<p><img loading=\"lazy\" class=\"alignnone size-medium wp-image-5334 aligncenter\" src=\"https:\/\/www.erudio.si\/blog\/wp-content\/uploads\/2019\/04\/erasmusNEAPELJ-300x186.jpg\" alt=\"\" width=\"300\" height=\"186\" srcset=\"https:\/\/www.erudio.si\/blog\/wp-content\/uploads\/2019\/04\/erasmusNEAPELJ-300x186.jpg 300w, https:\/\/www.erudio.si\/blog\/wp-content\/uploads\/2019\/04\/erasmusNEAPELJ-600x371.jpg 600w, https:\/\/www.erudio.si\/blog\/wp-content\/uploads\/2019\/04\/erasmusNEAPELJ.jpg 695w\" sizes=\"(max-width: 300px) 100vw, 300px\" \/><\/p>\n<p>V ponedeljek smo se po zajtrku odpravili do \u0161ole Alessandra Volte. Tam smo se prek \u0161portnih spoznavnih iger spoznali z drugimi u\u010denci, ki smo jih vodili mi: \u00bbErudio ekipa\u00ab.<\/p>\n<p><img loading=\"lazy\" class=\"alignnone size-medium wp-image-5335 aligncenter\" src=\"https:\/\/www.erudio.si\/blog\/wp-content\/uploads\/2019\/04\/NEAPELJ2-300x169.jpg\" alt=\"\" width=\"300\" height=\"169\" srcset=\"https:\/\/www.erudio.si\/blog\/wp-content\/uploads\/2019\/04\/NEAPELJ2-300x169.jpg 300w, https:\/\/www.erudio.si\/blog\/wp-content\/uploads\/2019\/04\/NEAPELJ2-600x338.jpg 600w, https:\/\/www.erudio.si\/blog\/wp-content\/uploads\/2019\/04\/NEAPELJ2.jpg 757w\" sizes=\"(max-width: 300px) 100vw, 300px\" \/><\/p>\n<p style=\"text-align: justify;\">Kasneje so nam italijanski partnerji predstavili \u0161olo in nas odpeljali v njihov \u0161olski tehni\u010dni muzej. Po tipi\u010dnem italijanskem kosilu (lazanja in mesne kroglice v paradi\u017enikovi omaki) smo nadaljevali z delom.<\/p>\n<p style=\"text-align: justify;\">Po opravljenih obveznostih smo se z metrojem odpravili do gledali\u0161\u010da San Carlo. Imeli smo voden ogled po najstarej\u0161em teatru v Italiji. Bilo je neverjetno urejeno. Zelo so mi bile v\u0161e\u010d freske in zlati detajli na balkonih in lo\u017eah, \u00a0zaradi \u010desar je bilo vzdu\u0161je zelo kraljevsko in presti\u017eno.<\/p>\n<p><img loading=\"lazy\" class=\"alignnone size-medium wp-image-5336 aligncenter\" src=\"https:\/\/www.erudio.si\/blog\/wp-content\/uploads\/2019\/04\/NEAPELJ3-300x200.jpg\" alt=\"\" width=\"300\" height=\"200\" srcset=\"https:\/\/www.erudio.si\/blog\/wp-content\/uploads\/2019\/04\/NEAPELJ3-300x200.jpg 300w, https:\/\/www.erudio.si\/blog\/wp-content\/uploads\/2019\/04\/NEAPELJ3-768x512.jpg 768w, https:\/\/www.erudio.si\/blog\/wp-content\/uploads\/2019\/04\/NEAPELJ3-600x400.jpg 600w, https:\/\/www.erudio.si\/blog\/wp-content\/uploads\/2019\/04\/NEAPELJ3.jpg 794w\" sizes=\"(max-width: 300px) 100vw, 300px\" \/><\/p>\n<p style=\"text-align: justify;\">Kasneje smo se odpravili na sprehod in ogled gradu. Nazaj grede smo se peljali mimo veliko starih zgradb, ki so bile zgrajene v baro\u010dnem stilu. Ulice, \u010deprav ne tako zelo urejene, so imele svoj \u0161arm.<\/p>\n<p style=\"text-align: justify;\">Po sprehodu po mestu smo bili \u017ee po\u0161teno la\u010dni. Ve\u010derjo smo si privo\u0161\u010dili v restavraciji nasproti hotela, kjer smo jedli fantasti\u010dno pristno italijansko pizzo Margerito. Po dolgem napornem dnevu smo kar popadali v postelje.<\/p>\n<h5><strong>RAZBURLJIV TOREK<\/strong><\/h5>\n<p style=\"text-align: justify;\">Na\u0161 torek se je za\u010del z mirnim zajtrkom v hotelu, kjer smo na\u010drtovali potek dneva. Ob osmih smo se odpravili v \u0161olo Alessandra Volte, kjer smo dijaki drug drugemu predstavili tipi\u010dno uli\u010dno hrano na\u0161ih dr\u017eav.<\/p>\n<p><img loading=\"lazy\" class=\"alignnone size-medium wp-image-5337 aligncenter\" src=\"https:\/\/www.erudio.si\/blog\/wp-content\/uploads\/2019\/04\/neapelj4-300x200.jpg\" alt=\"\" width=\"300\" height=\"200\" srcset=\"https:\/\/www.erudio.si\/blog\/wp-content\/uploads\/2019\/04\/neapelj4-300x200.jpg 300w, https:\/\/www.erudio.si\/blog\/wp-content\/uploads\/2019\/04\/neapelj4-600x400.jpg 600w, https:\/\/www.erudio.si\/blog\/wp-content\/uploads\/2019\/04\/neapelj4.jpg 723w\" sizes=\"(max-width: 300px) 100vw, 300px\" \/><\/p>\n<p style=\"text-align: justify;\">Seveda je bil po tak\u0161nem naporu potreben odmor, zato so nas na\u0161i italijanski gostitelji presenetili s \u0161tevilnimi lokalnimi poslasticami in kavo. Po opravljenih predstavitvah smo se odpravili na tr\u017enico s spominki. Na poti smo naleteli tudi na muzej mu\u010dilnih naprav. Po nekaj pretresljivih minutah v njem nas je \u010dakal ogled neapeljske katedrale Duomo iz trinajstega stoletja, ki pa je kljub mojemu odporu proti cerkveni umetnosti pustila izjemen vtis. Po hitrem ogledu vsega, kar je cerkev ponujala, je bil \u010das, da se odpravimo proti hotelu. Zve\u010der se je odprla neverjetna pop-art restavracija Gerolomini. Celotna notranjost je bila narejena v provokativnem umetni\u0161kem stilu z elementi, kot so stebri iz lego kock, stene, narejene iz knjig, stoli v obliki ljudi \u2026 Najbolj\u0161a od vsega pa je bila hrana, saj je \u0161lo za tradicionalne neapeljske jedi s provokativnimi modifikacijami. Ob devetih smo se odpravili v kultni lokal \u00bbPepis vintage room\u00ab, ki naj bi bil kljub svoji majhnosti zelo priljubljen med doma\u010dini in poznavalci. Zaradi pomanjkanja miz smo se pridru\u017eili skupini nem\u0161kih \u0161tudentov, kar pa se je izkazalo za odli\u010dno idejo, saj smo stkali nova prijateljstva in si izmenjali vtise o Neaplju.<\/p>\n<h5><strong>SREDA &#8211; DAN ZA PISANJE BLOGA<\/strong><\/h5>\n<p>V sredo smo po zajtrku od\u0161li v \u0161olo, kjer smo za\u010deli pisati blog o na\u0161ih dogodiv\u0161\u010dinah v Neaplju. Opisovali smo na\u0161e vtise o mestu, nato pa smo svoja do\u017eivetja po skupinah primerjali z dijaki iz drugih dr\u017eaVv.<\/p>\n<p><img loading=\"lazy\" class=\"alignnone size-medium wp-image-5338 aligncenter\" src=\"https:\/\/www.erudio.si\/blog\/wp-content\/uploads\/2019\/04\/neapelj5-300x225.jpg\" alt=\"\" width=\"300\" height=\"225\" srcset=\"https:\/\/www.erudio.si\/blog\/wp-content\/uploads\/2019\/04\/neapelj5-300x225.jpg 300w, https:\/\/www.erudio.si\/blog\/wp-content\/uploads\/2019\/04\/neapelj5-600x450.jpg 600w, https:\/\/www.erudio.si\/blog\/wp-content\/uploads\/2019\/04\/neapelj5.jpg 679w\" sizes=\"(max-width: 300px) 100vw, 300px\" \/><\/p>\n<p>Kasneje nas je \u010dakalo kosilo v stilu mediteranske diete, nato pa smo imeli prosto popoldne, da si \u0161e skupaj s tujimi dijaki podrobneje pogledamo manj\u0161e ulice, muzeje in ostale znamenitosti. Moja skupina je od\u0161la na ulico San Gregorio Armeno, ki je zgodovinsko sredi\u0161\u010de Neaplja. Na tej ulici je veliko butikov, manj\u0161ih trgovinic, tudi s spominki. Med najbolj prodajanimi spominki so makete stavb, magneti s podobami mesta in obeski s feferoni. Na tej ulici stoji tudi zvonik, ki slu\u017ei kot prehod med cerkvijo in samostanom. Poskusili smo tradicionalno sladico, ki se imenuje Baba. Baba je majhna tortica iz kva\u0161enega testa, bogato namo\u010dena v rum. Po kon\u010danem ogledu mesta smo se vrnili v hotel.<\/p>\n<p>Dan smo dobro izkoristili in si ogledali veliko zanimivih stvari. Najbolj so se mi v spomin vtisnile podobe feferonov po celem mestu.<\/p>\n<h5><strong>OGLED POMPEJEV<\/strong><\/h5>\n<p>V petek smo se kot ponavadi zbrali pri hotelski recepciji in skupaj s profesorji pe\u0161 od\u0161li do \u0161ole. Skupaj z ostalimi dijaki smo se z avtobusom odpravili do znamenitega mesta Pompeji.<\/p>\n<p>Najprej smo se sprehodili po mestu, nato pa od\u0161li do arheolo\u0161kega parka Pompeji, ki je druga najbolj obiskana turisti\u010dna znamenitost v Italiji. \u010cudovito mesto je 24. 8. 79 uni\u010dil piroklasti\u010dni tok ognjenika Vezuv, za katerega prebivalci sploh niso vedeli, da je ognjenik. Mesto je bilo popolnoma uni\u010deno, njegove prebivalce pa je zajela me\u0161anica vode in pepela. Nekatere okamenele posameznike smoimeli prilo\u017enost tudi videti.<\/p>\n<p>Po ogledu smo se dijaki ERUDIO zasebne gimnazije skupaj s profesorji lo\u010dili od skupine, saj smo si \u017eeleli ogledati spe\u010di ognjenik Vezuv.<\/p>\n<p><img loading=\"lazy\" class=\"alignnone size-medium wp-image-5339 aligncenter\" src=\"https:\/\/www.erudio.si\/blog\/wp-content\/uploads\/2019\/04\/NEAPELJ6-300x225.jpg\" alt=\"\" width=\"300\" height=\"225\" srcset=\"https:\/\/www.erudio.si\/blog\/wp-content\/uploads\/2019\/04\/NEAPELJ6-300x225.jpg 300w, https:\/\/www.erudio.si\/blog\/wp-content\/uploads\/2019\/04\/NEAPELJ6-600x450.jpg 600w, https:\/\/www.erudio.si\/blog\/wp-content\/uploads\/2019\/04\/NEAPELJ6.jpg 678w\" sizes=\"(max-width: 300px) 100vw, 300px\" \/><\/p>\n<p>Mestni avtobus nas je odpeljal do visokega ognjenika ob obali Neapeljskega zaliva. Pla\u010dali smo vstopnino in se pe\u0161 odpravili do vrha, do katerega smo porabili malo ve\u010d kot 20 minut. Na vrhu nas je pri\u010dakal neverjeten razgled na celotno mesto.<\/p>\n<p>Naredili smo kraj\u0161o prekinitev za fotografiranje in se nato po\u010dasi odpravili dol, kjer nas je \u017ee \u010dakal taksi, ki nas je peljal nazaj do centra Neaplja.<\/p>\n<p>Kasneje smo v \u0161oli imeli \u0161e predstavitev Slovenije in na\u0161e hrane.<\/p>\n<p>\u017de zelo utrujeni od napornega dneva smo se proti ve\u010deru odpravili nazaj do hotela, kjer smo si lahko malce odpo\u010dili, a ne za dolgo, saj nas je ob 20.00 \u010dakala ve\u010derja z vsemi sodelujo\u010dimi dijaki projekta Erasmus+.<\/p>\n<p>V restavraciji smo se \u0161e zadnji\u010d podru\u017eili z na\u0161imi novimi prijatelji, nato pa je bil \u017ee \u010das za odhod.<\/p>\n<h5><strong>SPOMINI, VTISI IN SOLZICE V O\u010cEH<\/strong><\/h5>\n<p>Pot domov je potekala nekoliko oto\u017eno, saj smo bili vsi polni novih vtisov.<\/p>\n<p><img loading=\"lazy\" class=\"alignnone size-medium wp-image-5340 aligncenter\" src=\"https:\/\/www.erudio.si\/blog\/wp-content\/uploads\/2019\/04\/NEAPELJ8-300x225.jpg\" alt=\"\" width=\"300\" height=\"225\" srcset=\"https:\/\/www.erudio.si\/blog\/wp-content\/uploads\/2019\/04\/NEAPELJ8-300x225.jpg 300w, https:\/\/www.erudio.si\/blog\/wp-content\/uploads\/2019\/04\/NEAPELJ8-600x450.jpg 600w, https:\/\/www.erudio.si\/blog\/wp-content\/uploads\/2019\/04\/NEAPELJ8.jpg 646w\" sizes=\"(max-width: 300px) 100vw, 300px\" \/><\/p>\n<p>&nbsp;<\/p>\n<pre>Pripravili: dijaki <a href=\"https:\/\/www.erudio.si\/slovenscina\/gimnazija\/erudio-zasebna-gimnazija?gclid=EAIaIQobChMIjJnv75a04QIVS8KyCh0cPgqSEAAYASAAEgLGAPD_BwE\">ERUDIO zasebne gimnazije\u00a0<\/a><\/pre>\n","protected":false},"excerpt":{"rendered":"<p>V nedeljo, 11. 3. 2019, smo se dijaki ERUDIO zasebne gimnazije polni pri\u010dakovanj zbrali pred na\u0161o \u0161olo in se odpravili na pot proti Neaplju. Spremljale so nas tri profesorice in en profesor. Pot z letalom je minila dokaj hitro in&#8230; <a class=\"more-link\" href=\"https:\/\/www.erudio.si\/blog\/srecanje-erasmus-v-italiji\/\">Nadaljuj z branjem &rarr;<\/a><\/p>\n","protected":false},"author":23,"featured_media":5342,"comment_status":"closed","ping_status":"closed","sticky":false,"template":"","format":"standard","meta":{"_monsterinsights_skip_tracking":false,"_monsterinsights_sitenote_active":false,"_monsterinsights_sitenote_note":"","_monsterinsights_sitenote_category":0,"ngg_post_thumbnail":0},"categories":[81],"tags":[194,46,83,485,45,550,463,549,79,551,69,80,72],"_links":{"self":[{"href":"https:\/\/www.erudio.si\/blog\/wp-json\/wp\/v2\/posts\/5333"}],"collection":[{"href":"https:\/\/www.erudio.si\/blog\/wp-json\/wp\/v2\/posts"}],"about":[{"href":"https:\/\/www.erudio.si\/blog\/wp-json\/wp\/v2\/types\/post"}],"author":[{"embeddable":true,"href":"https:\/\/www.erudio.si\/blog\/wp-json\/wp\/v2\/users\/23"}],"replies":[{"embeddable":true,"href":"https:\/\/www.erudio.si\/blog\/wp-json\/wp\/v2\/comments?post=5333"}],"version-history":[{"count":1,"href":"https:\/\/www.erudio.si\/blog\/wp-json\/wp\/v2\/posts\/5333\/revisions"}],"predecessor-version":[{"id":5341,"href":"https:\/\/www.erudio.si\/blog\/wp-json\/wp\/v2\/posts\/5333\/revisions\/5341"}],"wp:featuredmedia":[{"embeddable":true,"href":"https:\/\/www.erudio.si\/blog\/wp-json\/wp\/v2\/media\/5342"}],"wp:attachment":[{"href":"https:\/\/www.erudio.si\/blog\/wp-json\/wp\/v2\/media?parent=5333"}],"wp:term":[{"taxonomy":"category","embeddable":true,"href":"https:\/\/www.erudio.si\/blog\/wp-json\/wp\/v2\/categories?post=5333"},{"taxonomy":"post_tag","embeddable":true,"href":"https:\/\/www.erudio.si\/blog\/wp-json\/wp\/v2\/tags?post=5333"}],"curies":[{"name":"wp","href":"https:\/\/api.w.org\/{rel}","templated":true}]}}