
{"id":4224,"date":"2017-12-11T13:57:26","date_gmt":"2017-12-11T12:57:26","guid":{"rendered":"https:\/\/www.erudio.si\/blog\/?p=4224"},"modified":"2017-12-11T13:57:26","modified_gmt":"2017-12-11T12:57:26","slug":"celje-knezje-mesto","status":"publish","type":"post","link":"https:\/\/www.erudio.si\/blog\/celje-knezje-mesto\/","title":{"rendered":"CELJE &#8211; KNE\u017dJE MESTO"},"content":{"rendered":"<div class=\"gmail_default\" style=\"text-align: justify;\">V hladnem in obla\u010dnem jutru smo se v torek, 14. novembra, odpeljali proti kne\u017ejemu mestu, Celju. Dijaki, ki so si za maturo izbrali geografijo, so nam povedali geografska dejstva o pokrajinah in krajih, mimo katerih smo se peljali, zato je pot \u0161e prehitro minila.<\/div>\n<h5><strong>BI \u017dIVELI V SREDNJEM VEKU? NE, HVALA<\/strong><\/h5>\n<div class=\"gmail_default\" style=\"text-align: justify;\">Skupina dijakov si je najprej v spremstvu vodi\u010dev ogledala Stari grad, kjer smo izvedeli vse o Celjskih grofih, njihovih politi\u010dnih dose\u017ekih, porokah, prepovedanih ljubeznih in nesre\u010dnih smrtih. V okviru stalne razstave mu\u010dilnih naprav smo si posku\u0161ali predstavljati, kako je bilo sedeti na z \u017eebljem obitem stolu, dr\u017eati glavo v prime\u017eu ali nositi sramotilno \u017eelezno masko. Edini smo si bili, da nam je sedaj precej lep\u0161e kot v srednjem veku.<\/div>\n<h5><strong>\u010cUDOVIT RAZGLED<\/strong><\/h5>\n<div class=\"gmail_default\" style=\"text-align: justify;\">Iz temne kleti smo se podali na razgledni stolp, kjer smo se zavili v tople pla\u0161\u010de in \u0161ale, saj nas je prepihal severni veter, ki pa je poskrbel tudi za krasen razgled, videli smo lahko vse od s snegom pobeljenega Triglava, preko Kamni\u0161ko-Savinjskih Alp do Pohorja in Ur\u0161lje gore. Najbolj pa smo se seveda posvetili razgledu na Celje in Savinjo pod nami.<\/div>\n<div style=\"text-align: justify;\"><\/div>\n<div class=\"gmail_default\" style=\"text-align: justify;\">Z gradu smo se odpeljali v mesto, kjer so se dijaki, ki za maturo nimajo zgodovine ali geografije, podali na ogled starega mestnega jedra. V mestu so izpolnjevali naloge, ki so si jih predhodno izbrali pri dolo\u010denih predmetih. &#8220;Geografe&#8221; pa je \u010dakalo anketiranje.<\/div>\n<h5><strong>ZGODOVINARJI V ZAPORU<\/strong><\/h5>\n<p style=\"text-align: justify;\">Povsem druga\u010dne naloge pa so imeli dijaki, ki bodo v leto\u0161njem letu opravljali maturo iz zgodovine. Najprej so si ogledali Stari pisker (danes zapor), kjer je v \u010dasu 2. svetovne vojne v tabori\u0161\u010du izgubilo \u017eivljenje mnogo prebivalcev Celja in okolice. Pretresla jih je vsebina ohranjenih pisem, ki so jih talci pred usmrtitvijo pisali svojim bli\u017enjim.<\/p>\n<p style=\"text-align: justify;\">Zanimiva\u00a0 je prigoda, ko se je \u0161est partizanov v kratkem \u010dasu organiziralo in odlo\u010dilo re\u0161iti zapornike. Ko so prispeli v zapor, ne da bi ustrelili en sam naboj, jim zaporniki niso verjeli, da so partizani, in jim zato niso sledili.\u00a0 Tako so jih, \u017eal, osvobodili le okoli 300. Del osvobojenih zapornikov so Nemci ujeli in privedli nazaj, ve\u010dina pa je uspela pobegniti. Ker pa osvobodilna akcija ni bila odobrena od nadrejenih,\u00a0 osvoboditelji, ne samo da niso bili pohvaljeni, bili so celo kaznovani. \u0160ele v \u010dasu Slovenije je zadnji pre\u017eiveli dobil \u010dastno priznanje, ki ga je podaril muzeju. Nemci akcije niso razgla\u0161ali, ker je bil uspeh partizanov prevelika sramota za okupatorja. Osvoboditev zapornikov iz celjskega Starega piskra je bila najve\u010dja akcija uporni\u0161kega gibanja proti okupatorju.<\/p>\n<div id=\"attachment_4231\" style=\"width: 310px\" class=\"wp-caption aligncenter\"><img aria-describedby=\"caption-attachment-4231\" loading=\"lazy\" class=\"wp-image-4231 size-medium\" src=\"https:\/\/www.erudio.si\/blog\/wp-content\/uploads\/2017\/12\/20171114_102209-e1512391664585-300x225.jpg\" alt=\"\" width=\"300\" height=\"225\" srcset=\"https:\/\/www.erudio.si\/blog\/wp-content\/uploads\/2017\/12\/20171114_102209-e1512391664585-300x225.jpg 300w, https:\/\/www.erudio.si\/blog\/wp-content\/uploads\/2017\/12\/20171114_102209-e1512391664585-768x576.jpg 768w, https:\/\/www.erudio.si\/blog\/wp-content\/uploads\/2017\/12\/20171114_102209-e1512391664585-1024x768.jpg 1024w, https:\/\/www.erudio.si\/blog\/wp-content\/uploads\/2017\/12\/20171114_102209-e1512391664585-945x709.jpg 945w, https:\/\/www.erudio.si\/blog\/wp-content\/uploads\/2017\/12\/20171114_102209-e1512391664585-600x450.jpg 600w\" sizes=\"(max-width: 300px) 100vw, 300px\" \/><p id=\"caption-attachment-4231\" class=\"wp-caption-text\">\u0160est hrabrih mo\u017e je s hitro organizirano akcijo na svobodo popeljalo lepo \u0161tevilo ujetnikov.<\/p><\/div>\n<div id=\"attachment_4232\" style=\"width: 235px\" class=\"wp-caption aligncenter\"><img aria-describedby=\"caption-attachment-4232\" loading=\"lazy\" class=\"wp-image-4232 size-medium\" src=\"https:\/\/www.erudio.si\/blog\/wp-content\/uploads\/2017\/12\/20171114_100659-e1512391743665-225x300.jpg\" alt=\"\" width=\"225\" height=\"300\" srcset=\"https:\/\/www.erudio.si\/blog\/wp-content\/uploads\/2017\/12\/20171114_100659-e1512391743665-225x300.jpg 225w, https:\/\/www.erudio.si\/blog\/wp-content\/uploads\/2017\/12\/20171114_100659-e1512391743665-768x1024.jpg 768w, https:\/\/www.erudio.si\/blog\/wp-content\/uploads\/2017\/12\/20171114_100659-e1512391743665-945x1260.jpg 945w, https:\/\/www.erudio.si\/blog\/wp-content\/uploads\/2017\/12\/20171114_100659-e1512391743665-600x800.jpg 600w\" sizes=\"(max-width: 225px) 100vw, 225px\" \/><p id=\"caption-attachment-4232\" class=\"wp-caption-text\">Poslovilno pismo talca.<\/p><\/div>\n<div id=\"attachment_4233\" style=\"width: 310px\" class=\"wp-caption aligncenter\"><img aria-describedby=\"caption-attachment-4233\" loading=\"lazy\" class=\"wp-image-4233 size-medium\" src=\"https:\/\/www.erudio.si\/blog\/wp-content\/uploads\/2017\/12\/20171114_095156-300x225.jpg\" alt=\"\" width=\"300\" height=\"225\" srcset=\"https:\/\/www.erudio.si\/blog\/wp-content\/uploads\/2017\/12\/20171114_095156-300x225.jpg 300w, https:\/\/www.erudio.si\/blog\/wp-content\/uploads\/2017\/12\/20171114_095156-768x576.jpg 768w, https:\/\/www.erudio.si\/blog\/wp-content\/uploads\/2017\/12\/20171114_095156-1024x768.jpg 1024w, https:\/\/www.erudio.si\/blog\/wp-content\/uploads\/2017\/12\/20171114_095156-945x709.jpg 945w, https:\/\/www.erudio.si\/blog\/wp-content\/uploads\/2017\/12\/20171114_095156-600x450.jpg 600w\" sizes=\"(max-width: 300px) 100vw, 300px\" \/><p id=\"caption-attachment-4233\" class=\"wp-caption-text\">Imena talcev, ki so padli pod streli v Starem piskru.<\/p><\/div>\n<div id=\"attachment_4234\" style=\"width: 310px\" class=\"wp-caption aligncenter\"><img aria-describedby=\"caption-attachment-4234\" loading=\"lazy\" class=\"wp-image-4234 size-medium\" src=\"https:\/\/www.erudio.si\/blog\/wp-content\/uploads\/2017\/12\/20171114_095137-300x225.jpg\" alt=\"\" width=\"300\" height=\"225\" srcset=\"https:\/\/www.erudio.si\/blog\/wp-content\/uploads\/2017\/12\/20171114_095137-300x225.jpg 300w, https:\/\/www.erudio.si\/blog\/wp-content\/uploads\/2017\/12\/20171114_095137-768x576.jpg 768w, https:\/\/www.erudio.si\/blog\/wp-content\/uploads\/2017\/12\/20171114_095137-1024x768.jpg 1024w, https:\/\/www.erudio.si\/blog\/wp-content\/uploads\/2017\/12\/20171114_095137-945x709.jpg 945w, https:\/\/www.erudio.si\/blog\/wp-content\/uploads\/2017\/12\/20171114_095137-600x450.jpg 600w\" sizes=\"(max-width: 300px) 100vw, 300px\" \/><p id=\"caption-attachment-4234\" class=\"wp-caption-text\">Zid, ob katerem so \u017eivljenje izgubili \u0161tevilni prebivalci Celja in okolice.<\/p><\/div>\n<p>&nbsp;<\/p>\n<p style=\"text-align: justify;\">Pot je zgodovinarje nato vodila v\u00a0Pokrajinski \u00a0muzej, imenovan tudi Kne\u017eji dvor, kjer je bila v \u010dasu Marije Terezije voja\u0161nica.\u00a0Muzej raziskuje in predstavlja \u00a0kulturno dedi\u0161\u010dino Celja in celjske regije od prazgodovine do 1. svetovne vojne.<\/p>\n<p style=\"font-weight: 400;\"><strong>U\u010cNA POT ZA SLEPE, SLABOVIDNE IN VIDE\u010cE (S\u0160 ZA HORTIKULTURO\u00a0CELJE)<\/strong><\/p>\n<p style=\"font-weight: 400; text-align: justify;\">Dijaki 1. letnika so si po ogledu celjskega gradu ogledali prvo u\u010dno pot, ki je namenjena slepim in slabovidnim ljudem. U\u010dna pot je sestavni del \u0161olskega parka <a href=\"http:\/\/www.hvu.si\/\">Srednje \u0161ole za Hortikulturo<\/a>, ki ima 15 glavnih podro\u010dij, opremljenih s tablami v brajici in obi\u010dajni pisavi. Tako smo lahko\u00a0 park spoznali in do\u017eiveli z vsemi \u010dutili: vidom, sluhom, otipom, okusom, vonjem in ob\u010dutkom. \u0160e enkrat se lepo zahvaljujemo za topel sprejem.<\/p>\n<p><img loading=\"lazy\" class=\"size-medium wp-image-4225 aligncenter\" src=\"https:\/\/www.erudio.si\/blog\/wp-content\/uploads\/2017\/11\/IMG_20171114_115929-225x300.jpg\" alt=\"\" width=\"225\" height=\"300\" srcset=\"https:\/\/www.erudio.si\/blog\/wp-content\/uploads\/2017\/11\/IMG_20171114_115929-225x300.jpg 225w, https:\/\/www.erudio.si\/blog\/wp-content\/uploads\/2017\/11\/IMG_20171114_115929-768x1024.jpg 768w, https:\/\/www.erudio.si\/blog\/wp-content\/uploads\/2017\/11\/IMG_20171114_115929-945x1260.jpg 945w, https:\/\/www.erudio.si\/blog\/wp-content\/uploads\/2017\/11\/IMG_20171114_115929-600x800.jpg 600w\" sizes=\"(max-width: 225px) 100vw, 225px\" \/><\/p>\n<p>&nbsp;<\/p>\n<pre>Pripravili: dijaki in profesorice <a href=\"https:\/\/www.erudio.si\/slovenscina\/gimnazija\/erudio-zasebna-gimnazija?gclid=EAIaIQobChMI4tjinu701wIVT54bCh0oIQ9-EAAYASAAEgL7TfD_BwE\">ERUDIO zasebne gimnazije<\/a>.<\/pre>\n","protected":false},"excerpt":{"rendered":"<p>V hladnem in obla\u010dnem jutru smo se v torek, 14. novembra, odpeljali proti kne\u017ejemu mestu, Celju. Dijaki, ki so si za maturo izbrali geografijo, so nam povedali geografska dejstva o pokrajinah in krajih, mimo katerih smo se peljali, zato je&#8230; <a class=\"more-link\" href=\"https:\/\/www.erudio.si\/blog\/celje-knezje-mesto\/\">Nadaljuj z branjem &rarr;<\/a><\/p>\n","protected":false},"author":23,"featured_media":4235,"comment_status":"closed","ping_status":"closed","sticky":false,"template":"","format":"standard","meta":{"_monsterinsights_skip_tracking":false,"_monsterinsights_sitenote_active":false,"_monsterinsights_sitenote_note":"","_monsterinsights_sitenote_category":0,"ngg_post_thumbnail":0},"categories":[29,32],"tags":[],"_links":{"self":[{"href":"https:\/\/www.erudio.si\/blog\/wp-json\/wp\/v2\/posts\/4224"}],"collection":[{"href":"https:\/\/www.erudio.si\/blog\/wp-json\/wp\/v2\/posts"}],"about":[{"href":"https:\/\/www.erudio.si\/blog\/wp-json\/wp\/v2\/types\/post"}],"author":[{"embeddable":true,"href":"https:\/\/www.erudio.si\/blog\/wp-json\/wp\/v2\/users\/23"}],"replies":[{"embeddable":true,"href":"https:\/\/www.erudio.si\/blog\/wp-json\/wp\/v2\/comments?post=4224"}],"version-history":[{"count":6,"href":"https:\/\/www.erudio.si\/blog\/wp-json\/wp\/v2\/posts\/4224\/revisions"}],"predecessor-version":[{"id":4244,"href":"https:\/\/www.erudio.si\/blog\/wp-json\/wp\/v2\/posts\/4224\/revisions\/4244"}],"wp:featuredmedia":[{"embeddable":true,"href":"https:\/\/www.erudio.si\/blog\/wp-json\/wp\/v2\/media\/4235"}],"wp:attachment":[{"href":"https:\/\/www.erudio.si\/blog\/wp-json\/wp\/v2\/media?parent=4224"}],"wp:term":[{"taxonomy":"category","embeddable":true,"href":"https:\/\/www.erudio.si\/blog\/wp-json\/wp\/v2\/categories?post=4224"},{"taxonomy":"post_tag","embeddable":true,"href":"https:\/\/www.erudio.si\/blog\/wp-json\/wp\/v2\/tags?post=4224"}],"curies":[{"name":"wp","href":"https:\/\/api.w.org\/{rel}","templated":true}]}}