
{"id":4068,"date":"2017-10-11T10:00:46","date_gmt":"2017-10-11T09:00:46","guid":{"rendered":"https:\/\/www.erudio.si\/blog\/?p=4068"},"modified":"2017-10-17T12:27:59","modified_gmt":"2017-10-17T11:27:59","slug":"strokovna-ekskurzija-pula","status":"publish","type":"post","link":"https:\/\/www.erudio.si\/blog\/strokovna-ekskurzija-pula\/","title":{"rendered":"STROKOVNA EKSKURZIJA V PULJ ALI KAKO SMO SE NAU\u017dILI SON\u010cKA"},"content":{"rendered":"<h5><strong>PULA = PULJ in PULJ = PULA<\/strong><\/h5>\n<p style=\"text-align: justify;\">V \u010detrtek, 28. 9. 2017, ob za marsikoga \u00a0zelo zgodnji jutranji uri smo se dijaki in u\u010ditelji <a href=\"https:\/\/www.erudio.si\/slovenscina\/gimnazija\/erudio-zasebna-gimnazija\">ERUDIO zasebne gimnazije<\/a> v okviru obveznih izbirnih vsebin odpeljali na ekskurzijo v Pulj. Mnogi so se spra\u0161evali, kje je Pulj. Presenetljivo malo ljudi ve, da je to slovensko poimenovanje za Pulo, najve\u010dje mesto na skrajnem jugu Istrske \u017eupanije na Hrva\u0161kem.<\/p>\n<div id=\"attachment_4074\" style=\"width: 333px\" class=\"wp-caption aligncenter\"><img aria-describedby=\"caption-attachment-4074\" loading=\"lazy\" class=\" wp-image-4074\" src=\"https:\/\/www.erudio.si\/blog\/wp-content\/uploads\/2017\/10\/akvarij_dekleta4A-300x225.jpg\" alt=\"\" width=\"323\" height=\"242\" srcset=\"https:\/\/www.erudio.si\/blog\/wp-content\/uploads\/2017\/10\/akvarij_dekleta4A-300x225.jpg 300w, https:\/\/www.erudio.si\/blog\/wp-content\/uploads\/2017\/10\/akvarij_dekleta4A-768x576.jpg 768w, https:\/\/www.erudio.si\/blog\/wp-content\/uploads\/2017\/10\/akvarij_dekleta4A-1024x768.jpg 1024w, https:\/\/www.erudio.si\/blog\/wp-content\/uploads\/2017\/10\/akvarij_dekleta4A-945x709.jpg 945w, https:\/\/www.erudio.si\/blog\/wp-content\/uploads\/2017\/10\/akvarij_dekleta4A-600x450.jpg 600w\" sizes=\"(max-width: 323px) 100vw, 323px\" \/><p id=\"caption-attachment-4074\" class=\"wp-caption-text\">ERUDIO raziskovanje v Puli.<\/p><\/div>\n<h5><strong>MESTO Z DU\u0160O<\/strong><\/h5>\n<p style=\"text-align: justify;\">Mesto ima dolgo tradicijo vinarstva, ribi\u0161tva, tranzitne luke, ladjedelni\u0161tva in turizma. Je administrativno sredi\u0161\u010de Istre \u017ee od rimskih \u010dasov. Zanimivo je, da v mestu \u017eivi tudi nekaj ve\u010d kot 500 Slovencev (po popisu iz l. 2011).<\/p>\n<h5><strong>ERUDIO RAZISKOVALCI<\/strong><\/h5>\n<p style=\"text-align: justify;\">V o\u010darljivem mestu, pre\u017eetem s \u0161tevilnimi ostanki anti\u010dne kulturne dedi\u0161\u010dine, so morali dijaki, razdeljeni v skupine, raziskati zgodovinsko ozadje treh mestnih znamenitosti, in sicer Arene, foruma in Slavoloka Sergijevcev (t. i. Zlatih vrat). Vsaka skupina je morala posneti \u0161e kratek reklamni film v tujem jeziku in poiskati povezavo med Puljem in slovenskim pisateljem, dramatikom, pesnikom, esejistom Ivanom Cankarjem.<\/p>\n<h5><strong>JESENSKI PLAVALNI POSKUSI<\/strong><\/h5>\n<p style=\"text-align: justify;\">Drugi del ekskurzije smo nadaljevali na polotoku Verudela, turisti\u010dni coni mesta, kjer se nahajajo \u0161tevilne pla\u017ee, hoteli, apartmaji in sprehajalne poti. Po tritedenskem de\u017eevnem vremenu so bili topli son\u010dni \u017earki ve\u010d kot dobrodo\u0161li, nekaj dijakov so celo prepri\u010dali za skok v \u0161e vedno dovolj toplo morje.<\/p>\n<p>&nbsp;<\/p>\n<div style=\"width: 676px;\" class=\"wp-video\"><!--[if lt IE 9]><script>document.createElement('video');<\/script><![endif]-->\n<video class=\"wp-video-shortcode\" id=\"video-4068-1\" width=\"676\" height=\"380\" preload=\"metadata\" controls=\"controls\"><source type=\"video\/mp4\" src=\"https:\/\/www.erudio.si\/blog\/wp-content\/uploads\/2017\/10\/filmcek_Pavel-in-Jaka4B.mp4?_=1\" \/><a href=\"https:\/\/www.erudio.si\/blog\/wp-content\/uploads\/2017\/10\/filmcek_Pavel-in-Jaka4B.mp4\">https:\/\/www.erudio.si\/blog\/wp-content\/uploads\/2017\/10\/filmcek_Pavel-in-Jaka4B.mp4<\/a><\/video><\/div>\n<p>&nbsp;<\/p>\n<p style=\"text-align: justify;\">U\u017eivali pa niso le dijaki &#8211; po nasme\u0161kih na prilo\u017eeni fotografiji sode\u010d so krasen dan pre\u017eivele tudi profesorice in profesor.<\/p>\n<div id=\"attachment_4073\" style=\"width: 342px\" class=\"wp-caption aligncenter\"><img aria-describedby=\"caption-attachment-4073\" loading=\"lazy\" class=\" wp-image-4073\" src=\"https:\/\/www.erudio.si\/blog\/wp-content\/uploads\/2017\/10\/prfoksePULA-300x225.jpg\" alt=\"\" width=\"332\" height=\"249\" srcset=\"https:\/\/www.erudio.si\/blog\/wp-content\/uploads\/2017\/10\/prfoksePULA-300x225.jpg 300w, https:\/\/www.erudio.si\/blog\/wp-content\/uploads\/2017\/10\/prfoksePULA-768x576.jpg 768w, https:\/\/www.erudio.si\/blog\/wp-content\/uploads\/2017\/10\/prfoksePULA-945x709.jpg 945w, https:\/\/www.erudio.si\/blog\/wp-content\/uploads\/2017\/10\/prfoksePULA-600x450.jpg 600w, https:\/\/www.erudio.si\/blog\/wp-content\/uploads\/2017\/10\/prfoksePULA.jpg 960w\" sizes=\"(max-width: 332px) 100vw, 332px\" \/><p id=\"caption-attachment-4073\" class=\"wp-caption-text\">Pula je o\u010darala tudi na\u0161e profesorice \ud83d\ude42<\/p><\/div>\n<h5><strong>KO ZBOLIJO \u017dELVE &#8230;<\/strong><\/h5>\n<p style=\"text-align: justify;\">Ogledali smo si tudi <a href=\"http:\/\/www.aquarium.hr\/\">akvarij<\/a>, ki se nahaja v 130 let stari avstro-ogrski trdnjavi in v katerem smo lahko videli 100 vrst rib severnega in ju\u017enega Jadrana, 50 vrst rib tropskih morskih in sladkih voda, kakor tudi ribe hrva\u0161kih rek in jezer. V akvariju je tudi center za rehabilitacijo po\u0161kodovanih morskih \u017eelv, ki veljajo trenutno za eno najbolj ogro\u017eenih \u017eivalskih vrst na svetu.<\/p>\n<p style=\"text-align: justify;\">V poznih popoldanskih urah smo se utrujeni in bogati za nova spoznanja odpeljali proti domu, kamor smo (na sre\u010do brez \u010dakanja na hrva\u0161ko-slovenski meji) prispeli v ve\u010dernih urah.<\/p>\n<pre>Pripravila: Vanja Zidar \u0160mic, prof. zgodovine na <a href=\"https:\/\/www.erudio.si\/slovenscina\/gimnazija\/erudio-zasebna-gimnazija\">ERUDIO Zasebni gimnaziji<\/a>.<\/pre>\n","protected":false},"excerpt":{"rendered":"<p>PULA = PULJ in PULJ = PULA V \u010detrtek, 28. 9. 2017, ob za marsikoga \u00a0zelo zgodnji jutranji uri smo se dijaki in u\u010ditelji ERUDIO zasebne gimnazije v okviru obveznih izbirnih vsebin odpeljali na ekskurzijo v Pulj. Mnogi so se&#8230; <a class=\"more-link\" href=\"https:\/\/www.erudio.si\/blog\/strokovna-ekskurzija-pula\/\">Nadaljuj z branjem &rarr;<\/a><\/p>\n","protected":false},"author":23,"featured_media":4070,"comment_status":"closed","ping_status":"closed","sticky":false,"template":"","format":"standard","meta":{"_monsterinsights_skip_tracking":false,"_monsterinsights_sitenote_active":false,"_monsterinsights_sitenote_note":"","_monsterinsights_sitenote_category":0,"ngg_post_thumbnail":0},"categories":[29,31,32],"tags":[194,46,83,45,79,67,71,73,252,172,94,80,72,76],"_links":{"self":[{"href":"https:\/\/www.erudio.si\/blog\/wp-json\/wp\/v2\/posts\/4068"}],"collection":[{"href":"https:\/\/www.erudio.si\/blog\/wp-json\/wp\/v2\/posts"}],"about":[{"href":"https:\/\/www.erudio.si\/blog\/wp-json\/wp\/v2\/types\/post"}],"author":[{"embeddable":true,"href":"https:\/\/www.erudio.si\/blog\/wp-json\/wp\/v2\/users\/23"}],"replies":[{"embeddable":true,"href":"https:\/\/www.erudio.si\/blog\/wp-json\/wp\/v2\/comments?post=4068"}],"version-history":[{"count":5,"href":"https:\/\/www.erudio.si\/blog\/wp-json\/wp\/v2\/posts\/4068\/revisions"}],"predecessor-version":[{"id":4078,"href":"https:\/\/www.erudio.si\/blog\/wp-json\/wp\/v2\/posts\/4068\/revisions\/4078"}],"wp:featuredmedia":[{"embeddable":true,"href":"https:\/\/www.erudio.si\/blog\/wp-json\/wp\/v2\/media\/4070"}],"wp:attachment":[{"href":"https:\/\/www.erudio.si\/blog\/wp-json\/wp\/v2\/media?parent=4068"}],"wp:term":[{"taxonomy":"category","embeddable":true,"href":"https:\/\/www.erudio.si\/blog\/wp-json\/wp\/v2\/categories?post=4068"},{"taxonomy":"post_tag","embeddable":true,"href":"https:\/\/www.erudio.si\/blog\/wp-json\/wp\/v2\/tags?post=4068"}],"curies":[{"name":"wp","href":"https:\/\/api.w.org\/{rel}","templated":true}]}}