
{"id":4004,"date":"2017-09-27T10:24:19","date_gmt":"2017-09-27T09:24:19","guid":{"rendered":"https:\/\/www.erudio.si\/blog\/?p=4004"},"modified":"2017-10-04T10:01:09","modified_gmt":"2017-10-04T09:01:09","slug":"medalja-za-erudio","status":"publish","type":"post","link":"https:\/\/www.erudio.si\/blog\/medalja-za-erudio\/","title":{"rendered":"NA\u0160A JE BRONASTA MEDALJA! BRAVO ERUDIO!"},"content":{"rendered":"<h5 dir=\"auto\"><strong>KLARA VIDEM\u0160EK OSVOJILA BRONASTO MEDALJO!<\/strong><\/h5>\n<div dir=\"auto\" style=\"text-align: justify;\">Dolgo smo \u010dakali, a se je izpla\u010dalo. Na\u0161a je bronasta medalja!<\/div>\n<div dir=\"auto\" style=\"text-align: justify;\">&nbsp;<\/div>\n<div dir=\"auto\" style=\"text-align: justify;\">Na <a href=\"http:\/\/remote.timingljubljana.si\/timing\/rezultati.aspx?IDtekme=3287&amp;tip=E\">atletskem tekmovanju ljubljanske regije,<\/a>&nbsp;ki smo se ga v \u0160portnem parku \u0160i\u0161ka 21.9.2017 udele\u017eili tudi ERUDIOVCI, je na\u0161a <strong>Klara Videm\u0161ek<\/strong>, dijakinja 3.letnika <a href=\"https:\/\/www.erudio.si\/slovenscina\/gimnazija\/erudio-zasebna-gimnazija?gclid=CODopOT_xNYCFUEq0wodclsM1g\">ERUDIO Zasebne gimnazije<\/a>, pri skoku v vi\u0161ino osvojila tretje mesto. Juhuhu! Imamo bron! \u010cestitke!<\/div>\n<div dir=\"auto\" style=\"text-align: justify;\">&nbsp;<\/div>\n<div dir=\"auto\" style=\"text-align: justify;\">\n<div id=\"attachment_4007\" style=\"width: 365px\" class=\"wp-caption aligncenter\"><a href=\"https:\/\/www.erudio.si\/slovenscina\/gimnazija\/erudio-zasebna-gimnazija?gclid=CODopOT_xNYCFUEq0wodclsM1g\"><img aria-describedby=\"caption-attachment-4007\" loading=\"lazy\" class=\"wp-image-4007\" src=\"https:\/\/www.erudio.si\/blog\/wp-content\/uploads\/2017\/09\/bron1-300x300.png\" alt=\"\" width=\"355\" height=\"355\" srcset=\"https:\/\/www.erudio.si\/blog\/wp-content\/uploads\/2017\/09\/bron1-300x300.png 300w, https:\/\/www.erudio.si\/blog\/wp-content\/uploads\/2017\/09\/bron1-150x150.png 150w, https:\/\/www.erudio.si\/blog\/wp-content\/uploads\/2017\/09\/bron1-768x768.png 768w, https:\/\/www.erudio.si\/blog\/wp-content\/uploads\/2017\/09\/bron1-600x600.png 600w, https:\/\/www.erudio.si\/blog\/wp-content\/uploads\/2017\/09\/bron1.png 800w\" sizes=\"(max-width: 355px) 100vw, 355px\" \/><\/a><p id=\"caption-attachment-4007\" class=\"wp-caption-text\">Bronasta medalja za ERUDIO gimnazijko Klaro Videm\u0161ek!<\/p><\/div>\n<\/div>\n<p>&nbsp;<\/p>\n<div dir=\"auto\" style=\"text-align: justify;\">\n<div id=\"attachment_4009\" style=\"width: 370px\" class=\"wp-caption aligncenter\"><a href=\"https:\/\/www.erudio.si\/slovenscina\/gimnazija\/erudio-zasebna-gimnazija?gclid=CODopOT_xNYCFUEq0wodclsM1g\"><img aria-describedby=\"caption-attachment-4009\" loading=\"lazy\" class=\"wp-image-4009\" src=\"https:\/\/www.erudio.si\/blog\/wp-content\/uploads\/2017\/09\/bron2-1-300x300.png\" alt=\"\" width=\"360\" height=\"360\" srcset=\"https:\/\/www.erudio.si\/blog\/wp-content\/uploads\/2017\/09\/bron2-1-300x300.png 300w, https:\/\/www.erudio.si\/blog\/wp-content\/uploads\/2017\/09\/bron2-1-150x150.png 150w, https:\/\/www.erudio.si\/blog\/wp-content\/uploads\/2017\/09\/bron2-1-768x768.png 768w, https:\/\/www.erudio.si\/blog\/wp-content\/uploads\/2017\/09\/bron2-1-600x600.png 600w, https:\/\/www.erudio.si\/blog\/wp-content\/uploads\/2017\/09\/bron2-1.png 800w\" sizes=\"(max-width: 360px) 100vw, 360px\" \/><\/a><p id=\"caption-attachment-4009\" class=\"wp-caption-text\">Bronasta medalja &#8211; skok v vi\u0161ino.<\/p><\/div>\n<\/div>\n<div dir=\"auto\">&nbsp;<\/div>\n<h5 dir=\"auto\" style=\"text-align: justify;\"><strong>MARTINA GORENC ODLI\u010cNA 5.!<\/strong><\/h5>\n<div dir=\"auto\" style=\"text-align: justify;\">Odli\u010dno peto mesto je v teku na 100 m dosegla <strong>Martina Gorenc<\/strong>.<\/div>\n<div dir=\"auto\" style=\"text-align: justify;\">Nastopili sta \u0161e <strong>Maja Mulec<\/strong> (100 m) in <strong>Zala Pia Pirc<\/strong> (400 m).<\/div>\n<blockquote>\n<div dir=\"auto\" style=\"text-align: center;\"><strong>ISKRENE \u010cESTITKE IN &#8211; BRAAAVOOOO ERUDIO!<\/strong><\/div>\n<\/blockquote>\n<div dir=\"auto\">&nbsp;<\/div>\n<pre dir=\"auto\">Aleksandar Lazi\u0107, prof. \u0161portne vzgoje na <a href=\"https:\/\/www.erudio.si\/slovenscina\/gimnazija\/erudio-zasebna-gimnazija?gclid=CODopOT_xNYCFUEq0wodclsM1g\">ERUDIO Zasebni gimnaziji<\/a>.<\/pre>\n","protected":false},"excerpt":{"rendered":"<p>KLARA VIDEM\u0160EK OSVOJILA BRONASTO MEDALJO! Dolgo smo \u010dakali, a se je izpla\u010dalo. Na\u0161a je bronasta medalja! &nbsp; Na atletskem tekmovanju ljubljanske regije,&nbsp;ki smo se ga v \u0160portnem parku \u0160i\u0161ka 21.9.2017 udele\u017eili tudi ERUDIOVCI, je na\u0161a Klara Videm\u0161ek, dijakinja 3.letnika ERUDIO&#8230; <a class=\"more-link\" href=\"https:\/\/www.erudio.si\/blog\/medalja-za-erudio\/\">Nadaljuj z branjem &rarr;<\/a><\/p>\n","protected":false},"author":23,"featured_media":4005,"comment_status":"closed","ping_status":"closed","sticky":false,"template":"","format":"standard","meta":{"_monsterinsights_skip_tracking":false,"_monsterinsights_sitenote_active":false,"_monsterinsights_sitenote_note":"","_monsterinsights_sitenote_category":0,"ngg_post_thumbnail":0},"categories":[29,31],"tags":[356,426,424,425,83,45,423,193],"_links":{"self":[{"href":"https:\/\/www.erudio.si\/blog\/wp-json\/wp\/v2\/posts\/4004"}],"collection":[{"href":"https:\/\/www.erudio.si\/blog\/wp-json\/wp\/v2\/posts"}],"about":[{"href":"https:\/\/www.erudio.si\/blog\/wp-json\/wp\/v2\/types\/post"}],"author":[{"embeddable":true,"href":"https:\/\/www.erudio.si\/blog\/wp-json\/wp\/v2\/users\/23"}],"replies":[{"embeddable":true,"href":"https:\/\/www.erudio.si\/blog\/wp-json\/wp\/v2\/comments?post=4004"}],"version-history":[{"count":18,"href":"https:\/\/www.erudio.si\/blog\/wp-json\/wp\/v2\/posts\/4004\/revisions"}],"predecessor-version":[{"id":4029,"href":"https:\/\/www.erudio.si\/blog\/wp-json\/wp\/v2\/posts\/4004\/revisions\/4029"}],"wp:featuredmedia":[{"embeddable":true,"href":"https:\/\/www.erudio.si\/blog\/wp-json\/wp\/v2\/media\/4005"}],"wp:attachment":[{"href":"https:\/\/www.erudio.si\/blog\/wp-json\/wp\/v2\/media?parent=4004"}],"wp:term":[{"taxonomy":"category","embeddable":true,"href":"https:\/\/www.erudio.si\/blog\/wp-json\/wp\/v2\/categories?post=4004"},{"taxonomy":"post_tag","embeddable":true,"href":"https:\/\/www.erudio.si\/blog\/wp-json\/wp\/v2\/tags?post=4004"}],"curies":[{"name":"wp","href":"https:\/\/api.w.org\/{rel}","templated":true}]}}