
{"id":3804,"date":"2017-06-15T09:54:01","date_gmt":"2017-06-15T08:54:01","guid":{"rendered":"https:\/\/www.erudio.si\/blog\/?p=3804"},"modified":"2017-06-27T14:03:56","modified_gmt":"2017-06-27T13:03:56","slug":"valeriya-musina","status":"publish","type":"post","link":"https:\/\/www.erudio.si\/blog\/valeriya-musina\/","title":{"rendered":"PLESALKA VALERIYA MUSINA &#8211; Slovenka, Rusinja, ERUDIOVKA"},"content":{"rendered":"<p style=\"text-align: justify;\"><em>Valeriya Musina je tista na\u0161a ERUDIO gimnazijka, ki kljub kratkemu bivanju v Sloveniji pri pouku sloven\u0161\u010dine posega po najvi\u0161jih ocenah. In prav takih ocen je vajena tudi v \u0161portu, s katerim je rasla najprej v svoji domovini, Rusiji, in s katerim raste naprej &#8211; v svoji drugi domovini, Sloveniji.&nbsp;<\/em><em>Najverjetneje Valeriyo poznate kot plesalko v znani TV-oddaji Zvezde ple\u0161ejo. Morda pa nekoliko manj kot dijakinjo ERUDIO Zasebne gimnazije?<\/em><\/p>\n<p style=\"text-align: justify;\"><em>Kako se je kot majhno dekletce privajala na novo okolje, \u017eivljenje brez star\u0161ev, nove so\u0161olce in profesorje &#8230; nam je zaupala na kratkem kofetku v \u010dasu maturitetnega izpitnega obdobja, ki se tudi zanjo \u017ee pribli\u017euje koncu. Valeriya dr\u017eimo pesti in verjamemo vate!<\/em><\/p>\n<h5 style=\"text-align: justify;\"><strong>Koliko \u010dasa si \u017ee v Sloveniji&nbsp;in komu se lahko zahvalimo, da te je pripeljal sem \u2013 plesu? Kaj te je prepri\u010dalo?<\/strong><\/h5>\n<p style=\"text-align: justify;\">Ja, v Slovenijo sem pri\u0161la prav zaradi plesa. Preselila sem se pri trinajstih letih. V Rusiji kar dolgo nisem mogla najti soplesalca, zato sem bila, takoj&nbsp; ko sta mi trenerja predlagala, da grem na preizkus v Slovenijo, takoj za. V Sloveniji mi je bilo takoj v\u0161e\u010d, \u010dez nekaj \u010dasa pa je tudi takrat \u0161e bodo\u010di soplesalec sporo\u010dil, da bi plesal z mano.<\/p>\n<h5 style=\"text-align: justify;\"><strong>Kaj potrebuje drobno najstni\u0161ko dekletce, da se odlo\u010di \u017eiveti v tujini brez star\u0161ev, prijateljev, sorodnikov &#8230; So star\u0161i te\u017eko sprejeli tvojo odlo\u010ditev?<\/strong><\/h5>\n<p style=\"text-align: justify;\">Verjetno jima je bilo precej te\u017eko, ampak sta vedela, kak\u0161na prilo\u017enost je to zame, in nista hotela, da bi jo zamudila. Mislim, da so moji stari star\u0161i te\u017eje sprejeli mojo selitev. Sicer pa moja dru\u017eina ni plesna. Razen mene se nih\u010de nikoli ni ukvarjal s plesom. Star\u0161a sta po poklicu policista.<\/p>\n<p style=\"text-align: justify;\">Ko gledam nazaj, vidim, da sem morala hitreje odrasti, ampak v\u010dasih tega nisem opazila. Tudi kot otrok nisem bila nikoli preve\u010d razigrana, vedno sem bila pridna. Res je, da zaradi selitve \u017ee dolgo nisem brezskrbna, sem pa \u0161e vedno v\u010dasih razposajena.<\/p>\n<p style=\"text-align: center;\"><img loading=\"lazy\" class=\"alignnone size-medium wp-image-3815\" src=\"https:\/\/www.erudio.si\/blog\/wp-content\/uploads\/2017\/06\/FullSizeRender-2-226x300.jpg\" alt=\"\" width=\"226\" height=\"300\" srcset=\"https:\/\/www.erudio.si\/blog\/wp-content\/uploads\/2017\/06\/FullSizeRender-2-226x300.jpg 226w, https:\/\/www.erudio.si\/blog\/wp-content\/uploads\/2017\/06\/FullSizeRender-2.jpg 593w\" sizes=\"(max-width: 226px) 100vw, 226px\" \/>&nbsp; &nbsp; &nbsp; &nbsp; &nbsp; &nbsp;<img loading=\"lazy\" class=\"alignnone size-medium wp-image-3816\" src=\"https:\/\/www.erudio.si\/blog\/wp-content\/uploads\/2017\/06\/FullSizeRender-3-268x300.jpg\" alt=\"\" width=\"268\" height=\"300\" srcset=\"https:\/\/www.erudio.si\/blog\/wp-content\/uploads\/2017\/06\/FullSizeRender-3-268x300.jpg 268w, https:\/\/www.erudio.si\/blog\/wp-content\/uploads\/2017\/06\/FullSizeRender-3-600x672.jpg 600w, https:\/\/www.erudio.si\/blog\/wp-content\/uploads\/2017\/06\/FullSizeRender-3.jpg 723w\" sizes=\"(max-width: 268px) 100vw, 268px\" \/><\/p>\n<h5 style=\"text-align: justify;\"><strong>Se je bilo te\u017eko navaditi na \u017eivljenje pri nas? <\/strong><\/h5>\n<p style=\"text-align: justify;\">Na \u017eivljenje v Sloveniji se mi ni bilo te\u017eko navaditi, samo na za\u010detku sem imela domoto\u017eje, ampak ni bilo hudo. Ko sem se preselila, sem \u017eivela s plesal\u010devo dru\u017eino, ki mi je zelo pomagala. \u010ce sem karkoli potrebovala, so takoj vse uredili. V\u010dasih mi je seveda bilo malo hudo in takrat sem najve\u010dkrat poklicala mami, da sva malo poklepetali in me je potola\u017eila.<\/p>\n<h5 style=\"text-align: justify;\"><strong>Bi lahko izpostavila nekaj pozitivnih in negativnih plati \u017eivljenja v Sloveniji &#8211; v primerjavi s tvojo domovino? Kako je potekalo tvoje prilagajanje novemu okolju?<\/strong><\/h5>\n<p style=\"text-align: justify;\">Nisem imela ve\u010djih preglavic, spomnim pa se prvega dneva v \u0161oli. Ko sem se pripeljala, so u\u010denci stali ob stekleni steni pri vhodu in vsi strmeli vame. Takrat sem celo pomislila, da bi sedla nazaj v avto in se s prvim letalom vrnila domov. Ampak \u017ee isti dan sem ugotovila, da imam zelo prijetne so\u0161olce, ki so mi kasneje zelo pomagali.<\/p>\n<p style=\"text-align: justify;\">Ker sem edinka, sem se morala navaditi tudi na polno hi\u0161o, saj je imel soplesalec \u0161e dve sestri (ena od njiju je prav tako obiskovala ERUDIO zasebno gimnazijo). \u017diveti v veliki dru\u017eini pa se je kasneje izkazalo kot nekaj pozitivnega, saj mi nikoli ni bilo dolg\u010das.<\/p>\n<p style=\"text-align: justify;\">Moram tudi omeniti, da sem potrebovala nekaj \u010dasa, da sem se navadila na po\u010dasnej\u0161i tempo \u017eivljenja. Ko sedaj obi\u0161\u010dem Moskvo, mi pravijo, da sem \u010dudna, ker se mi vse in vsi zdijo prehitri. Ampak moram priznati, da v\u010dasih vseeno pogre\u0161am moskovsko dinamiko.<\/p>\n<div id=\"attachment_3806\" style=\"width: 235px\" class=\"wp-caption aligncenter\"><img aria-describedby=\"caption-attachment-3806\" loading=\"lazy\" class=\"wp-image-3806 size-medium\" src=\"https:\/\/www.erudio.si\/blog\/wp-content\/uploads\/2017\/06\/E788F32E-7778-4915-B2BD-E9A602495F6F-1-e1497515405658-225x300.jpg\" alt=\"\" width=\"225\" height=\"300\" srcset=\"https:\/\/www.erudio.si\/blog\/wp-content\/uploads\/2017\/06\/E788F32E-7778-4915-B2BD-E9A602495F6F-1-e1497515405658-225x300.jpg 225w, https:\/\/www.erudio.si\/blog\/wp-content\/uploads\/2017\/06\/E788F32E-7778-4915-B2BD-E9A602495F6F-1-e1497515405658-768x1022.jpg 768w, https:\/\/www.erudio.si\/blog\/wp-content\/uploads\/2017\/06\/E788F32E-7778-4915-B2BD-E9A602495F6F-1-e1497515405658-769x1024.jpg 769w, https:\/\/www.erudio.si\/blog\/wp-content\/uploads\/2017\/06\/E788F32E-7778-4915-B2BD-E9A602495F6F-1-e1497515405658-945x1258.jpg 945w, https:\/\/www.erudio.si\/blog\/wp-content\/uploads\/2017\/06\/E788F32E-7778-4915-B2BD-E9A602495F6F-1-e1497515405658-600x799.jpg 600w\" sizes=\"(max-width: 225px) 100vw, 225px\" \/><p id=\"caption-attachment-3806\" class=\"wp-caption-text\">Valeriya &#8211; ERUDIOVKA.<\/p><\/div>\n<h5 style=\"text-align: justify;\"><strong>Slovenske besede brez te\u017eav prihajajo iz tvojih ust. Najbr\u017e nisi imela veliko te\u017eav z u\u010denjem jezika? <\/strong><\/h5>\n<p style=\"text-align: justify;\">Hvala! Ne, u\u010denje jezika mi ni povzro\u010dalo ve\u010djih te\u017eav, saj sta si ru\u0161\u010dina in sloven\u0161\u010dina precej podobni, samo navaditi se je treba. Lahko bi rekla, da sem se bila primorana hitro nau\u010diti jezika, saj sem tukaj takoj \u0161la v \u0161olo in tudi vsi treningi so bili v sloven\u0161\u010dini. In \u010de si 24 ur v okolju, kjer vsi govorijo drug jezik, se kar hitro nau\u010di\u0161. Pomagala mi je tudi \u0161ola, ki mi je omogo\u010dila dodatne ure z u\u010diteljico, ki je sicer prav tako prihajala iz Rusije, ampak je \u017ee nekaj \u010dasa \u017eivela tukaj in je dobro znala slovensko.<\/p>\n<h5 style=\"text-align: justify;\"><strong>&nbsp;Kako si postala ena od zvezd v oddaji? Zakaj sodelovanje v oddaji Zvezde ple\u0161ejo in kak\u0161ni so bili tvoji plesni za\u010detki?<\/strong><\/h5>\n<p style=\"text-align: justify;\">Hvala, profesorica, ampak nisem postala zvezda, temve\u010d samo profesionalna plesalka v oddaji \ud83d\ude09&nbsp;O vsem pi\u0161em, da se je zgodilo po naklju\u010dju, in tako je tudi bilo. Tako kot ostale plesalce so tudi mene poklicali, \u010de pridem na avdicijo in sem seveda bila za, ne glede na maturo in druge obveznosti, saj nikoli ne ve\u0161, \u010de bo\u0161 \u0161e kdaj dobil tako prilo\u017enost. \u010cez nekaj \u010dasa po avdiciji so mi sporo\u010dili, da so me izbrali in sem postala ena od dvanajstih profesionalnih plesalcev v oddaji. Pol je pa zacelo dogajati \ud83d\ude42 Moram re\u010di, da sem res u\u017eivala v vsem tem in je bil ta projekt ena lepa izku\u0161nja.<\/p>\n<p style=\"text-align: justify;\">Od oddaje pri\u010dakujem neko novo pozitivno izku\u0161njo v mojem \u017eivljenju, ki mi bo pripomogla tudi k osebnostni&nbsp; in profesionalni rasti. Upam, da bom gledalcem pribli\u017eala latinskoameri\u0161ke in standardne plese ter njihovo raznolikost, saj ima vsak ples svojo zgodbo in emocijo. Ker trenutno nimam soplesalca, sem se v celoti posvetila projektu.<\/p>\n<p style=\"text-align: justify;\">V svet plesa sem pri\u0161la naklju\u010dno. Mami se je odlo\u010dila, da me bo peljala v nek kro\u017eek, izbrala je tistega, v katerem so bili treningi zve\u010der, da me je lahko peljala po slu\u017ebi in da niso bili predale\u010d od doma. Zelo sem ji hvale\u017ena, da se je takrat odlo\u010dila prav za latinskoameri\u0161ke in standardne plese.<\/p>\n<div id=\"attachment_3811\" style=\"width: 310px\" class=\"wp-caption aligncenter\"><img aria-describedby=\"caption-attachment-3811\" loading=\"lazy\" class=\"wp-image-3811 size-medium\" src=\"https:\/\/www.erudio.si\/blog\/wp-content\/uploads\/2017\/06\/IMG_0288-300x225.jpg\" alt=\"\" width=\"300\" height=\"225\" srcset=\"https:\/\/www.erudio.si\/blog\/wp-content\/uploads\/2017\/06\/IMG_0288-300x225.jpg 300w, https:\/\/www.erudio.si\/blog\/wp-content\/uploads\/2017\/06\/IMG_0288-768x576.jpg 768w, https:\/\/www.erudio.si\/blog\/wp-content\/uploads\/2017\/06\/IMG_0288-1024x768.jpg 1024w, https:\/\/www.erudio.si\/blog\/wp-content\/uploads\/2017\/06\/IMG_0288-945x709.jpg 945w, https:\/\/www.erudio.si\/blog\/wp-content\/uploads\/2017\/06\/IMG_0288-600x450.jpg 600w, https:\/\/www.erudio.si\/blog\/wp-content\/uploads\/2017\/06\/IMG_0288.jpg 1280w\" sizes=\"(max-width: 300px) 100vw, 300px\" \/><p id=\"caption-attachment-3811\" class=\"wp-caption-text\">Zvezde ple\u0161ejo. Vir fotografije: arhiv POP TV-ja.<\/p><\/div>\n<div id=\"attachment_3812\" style=\"width: 310px\" class=\"wp-caption aligncenter\"><img aria-describedby=\"caption-attachment-3812\" loading=\"lazy\" class=\"wp-image-3812 size-medium\" src=\"https:\/\/www.erudio.si\/blog\/wp-content\/uploads\/2017\/06\/46A86810-09BD-41D8-96B4-99E0869F43BB-300x200.jpg\" alt=\"\" width=\"300\" height=\"200\" srcset=\"https:\/\/www.erudio.si\/blog\/wp-content\/uploads\/2017\/06\/46A86810-09BD-41D8-96B4-99E0869F43BB-300x200.jpg 300w, https:\/\/www.erudio.si\/blog\/wp-content\/uploads\/2017\/06\/46A86810-09BD-41D8-96B4-99E0869F43BB-768x512.jpg 768w, https:\/\/www.erudio.si\/blog\/wp-content\/uploads\/2017\/06\/46A86810-09BD-41D8-96B4-99E0869F43BB-1024x683.jpg 1024w, https:\/\/www.erudio.si\/blog\/wp-content\/uploads\/2017\/06\/46A86810-09BD-41D8-96B4-99E0869F43BB-945x630.jpg 945w, https:\/\/www.erudio.si\/blog\/wp-content\/uploads\/2017\/06\/46A86810-09BD-41D8-96B4-99E0869F43BB-600x400.jpg 600w, https:\/\/www.erudio.si\/blog\/wp-content\/uploads\/2017\/06\/46A86810-09BD-41D8-96B4-99E0869F43BB.jpg 2000w\" sizes=\"(max-width: 300px) 100vw, 300px\" \/><p id=\"caption-attachment-3812\" class=\"wp-caption-text\">Zvezde ple\u0161ejo, druga oddaja. Foto Miro Majcen. Vir: arhiv POP TV-ja.<\/p><\/div>\n<div id=\"attachment_3807\" style=\"width: 310px\" class=\"wp-caption aligncenter\"><img aria-describedby=\"caption-attachment-3807\" loading=\"lazy\" class=\"size-medium wp-image-3807\" src=\"https:\/\/www.erudio.si\/blog\/wp-content\/uploads\/2017\/06\/IMG_0501-300x200.jpg\" alt=\"\" width=\"300\" height=\"200\" srcset=\"https:\/\/www.erudio.si\/blog\/wp-content\/uploads\/2017\/06\/IMG_0501-300x200.jpg 300w, https:\/\/www.erudio.si\/blog\/wp-content\/uploads\/2017\/06\/IMG_0501-768x512.jpg 768w, https:\/\/www.erudio.si\/blog\/wp-content\/uploads\/2017\/06\/IMG_0501-600x400.jpg 600w, https:\/\/www.erudio.si\/blog\/wp-content\/uploads\/2017\/06\/IMG_0501.jpg 900w\" sizes=\"(max-width: 300px) 100vw, 300px\" \/><p id=\"caption-attachment-3807\" class=\"wp-caption-text\">Zvezde ple\u0161ejo. Vir fotografije: arhih POP TV-ja.<\/p><\/div>\n<h5 style=\"text-align: justify;\"><strong>Letos si zaplesala tudi kot na\u0161a maturantka in zdaj te \u010daka \u0161e sklepni del na na\u0161i gimnaziji, matura. Kam se namerava\u0161 vpisati naprej? <\/strong><\/h5>\n<p style=\"text-align: justify;\">Ja, res je, letos imam kar pomembno in naporno leto. Zaklju\u010dujem ERUDIO zasebno gimnazijo in se nameravam vpisati oz. sem se \u017ee vpisala na fakulteto za kemijo in kemijsko tehnologijo smer biokemija. Upam, da mi bo uspelo maturo \u010dim bolje opraviti.<\/p>\n<h5 style=\"text-align: justify;\"><strong>Vrnitev v Rusijo po kon\u010danem \u0161olanju \u2013 da\/ne?<\/strong><\/h5>\n<p style=\"text-align: justify;\">Nikoli. Rada grem domov, da se malo sprostim in vidim dru\u017eino, vendar si ne predstavljam, da bi se vrnila in spet \u017eivela v Rusiji.<\/p>\n<h5 style=\"text-align: justify;\"><strong>Kdo je Valeriya Musina in&nbsp;k<\/strong><strong>do si, ko nisi ERUDIO dijakinja?<\/strong><\/h5>\n<p style=\"text-align: justify;\">Lahko bi se opisala z besedami ruskega pisatelja Tolstoja, ki pravi, da ne obremenjuj druge s tem, kar lahko naredi\u0161 sam. Sem samostojna, delavna, prijazna, komunikativna, dru\u017eabna &#8230; Po horoskopu sem dvoj\u010dek, zato se mi lahko kar hitro spremeni razpolo\u017eenje, a se tudi dokaj hitro prilagajam na nove okoli\u0161\u010dine. \u010ce se najde kak\u0161na urica prostega \u010dasa, se veselim kave s prijatelji. V\u010dasih si vzamem \u010das zase, takrat rada kaj ustvarjam. Z veseljem tudi kuham in \u0161e posebej pe\u010dem. Pravijo, da mi to kar gre. Seveda hodim tudi v klube, ampak se to bolj redko zgodi.<\/p>\n<p style=\"text-align: justify;\">Ko nisem ERUDIO dijakinja, sem plesalka in \u0161e pred kratkim sem ves \u010das pre\u017eivljala v dvorani. Najprej sem tekmovala, nato so se zgodile Zvezde ple\u0161ejo. Pribli\u017eno pol leta nazaj sem se odselila na svoje, preselila sem se v Ljubljano, tukaj imam najeto stanovanje. Pred tem sem pa \u017eivela pri soplesalcu z njegovo dru\u017eino, ki mi je zelo pomagala pri selitvi v Slovenijo.<\/p>\n<div id=\"attachment_3809\" style=\"width: 210px\" class=\"wp-caption aligncenter\"><img aria-describedby=\"caption-attachment-3809\" loading=\"lazy\" class=\"size-medium wp-image-3809\" src=\"https:\/\/www.erudio.si\/blog\/wp-content\/uploads\/2017\/06\/B5697837-82A3-4AC6-B1C2-AAC09B3FF4B0-200x300.jpg\" alt=\"\" width=\"200\" height=\"300\" srcset=\"https:\/\/www.erudio.si\/blog\/wp-content\/uploads\/2017\/06\/B5697837-82A3-4AC6-B1C2-AAC09B3FF4B0-200x300.jpg 200w, https:\/\/www.erudio.si\/blog\/wp-content\/uploads\/2017\/06\/B5697837-82A3-4AC6-B1C2-AAC09B3FF4B0.jpg 681w, https:\/\/www.erudio.si\/blog\/wp-content\/uploads\/2017\/06\/B5697837-82A3-4AC6-B1C2-AAC09B3FF4B0-600x902.jpg 600w\" sizes=\"(max-width: 200px) 100vw, 200px\" \/><p id=\"caption-attachment-3809\" class=\"wp-caption-text\">Valeriya Musina, Slovenka, Rusinja, ERUDIOVKA. Vir fotografije: arhiv POP TV-ja.<\/p><\/div>\n<h5 style=\"text-align: justify;\"><strong>Kaj pa ljubezen? Si zaljubljena? So ti bolj v\u0161e\u010d slovenski ali ruski fantje \ud83d\ude42<\/strong><strong>?<\/strong><\/h5>\n<p style=\"text-align: justify;\">Fanta \u0161e nisem na\u0161la in trenutno tudi nisem zaljubljena. Sicer pa menim, da nacionalnost ni pomembna. Ko bom na\u0161la fanta, bom tudi povedala, kak\u0161ni so mi v\u0161e\u010d \ud83d\ude42<\/p>\n<h5 style=\"text-align: justify;\"><strong>Kako bi opisala soplesalca iz oddaje?<\/strong><\/h5>\n<p style=\"text-align: justify;\">Miha je zelo priden in delaven, vidi se, da je \u0161portnik. Poglobi se v vsak korak, zelo je natan\u010den in \u017eeli vedeti vsako malenkost. Zahteven je do sebe, zato ne nadaljuje, dokler ni prepri\u010dan, da je usvojil dolo\u010den gib. Zna biti tudi zabaven, zadnji\u010d me je res presenetil, ko je prinesel harmoniko na trening.<\/p>\n<h5 style=\"text-align: justify;\"><strong>&nbsp;Kako in kdaj je ERUDIO postal tvoj dom?<\/strong><\/h5>\n<p style=\"text-align: justify;\">ERUDIO Zasebno gimnazijo mi je priporo\u010dila prijateljica. Zame je ERUDIO prava odlo\u010ditev iz ve\u010d razlogov: ob vpisu na \u0161olo sem se aktivno ukvarjala s plesom in \u0161ola mi je omogo\u010dala, da sem kljub napornim treningom brez te\u017eav opravljala \u0161olske obveznosti, prav tako mi je bil omogo\u010den vpis, \u010deprav zaenkrat \u0161e nimam slovenskega dr\u017eavljanstva. Prepri\u010dana sem, da tak\u0161ne prilagodljivosti, kot mi je bila omogo\u010dena na ERUDIO Zasebni gimnaziji, ne bi imela nikjer, zato je bila in je ta \u0161ola idealna zame in za vse s podobnimi \u00bbte\u017eavami\u00ab.<\/p>\n<p><img loading=\"lazy\" class=\"alignnone size-medium wp-image-3810 aligncenter\" src=\"https:\/\/www.erudio.si\/blog\/wp-content\/uploads\/2017\/06\/IMG_0728-e1497515980844-225x300.jpg\" alt=\"\" width=\"225\" height=\"300\" srcset=\"https:\/\/www.erudio.si\/blog\/wp-content\/uploads\/2017\/06\/IMG_0728-e1497515980844-225x300.jpg 225w, https:\/\/www.erudio.si\/blog\/wp-content\/uploads\/2017\/06\/IMG_0728-e1497515980844-768x1022.jpg 768w, https:\/\/www.erudio.si\/blog\/wp-content\/uploads\/2017\/06\/IMG_0728-e1497515980844-769x1024.jpg 769w, https:\/\/www.erudio.si\/blog\/wp-content\/uploads\/2017\/06\/IMG_0728-e1497515980844-945x1258.jpg 945w, https:\/\/www.erudio.si\/blog\/wp-content\/uploads\/2017\/06\/IMG_0728-e1497515980844-600x799.jpg 600w\" sizes=\"(max-width: 225px) 100vw, 225px\" \/><\/p>\n<h5 style=\"text-align: justify;\"><strong>Si danes bolj Slovenka ali Rusinja? \ud83d\ude42<\/strong><\/h5>\n<p style=\"text-align: justify;\">Slovenka ali Rusinja? To se tudi sama spra\u0161ujem \ud83d\ude42 Odvisno od situacije &#8230; Rusinja v Sloveniji in Slovenka v Rusiji, ampak s tem ne mislim ni\u010d slabega. Nimam slabih izku\u0161enj zaradi selitve iz oz. v drugo dr\u017eavo, sem pa pa\u010d povsod nekaj posebnega \ud83d\ude42<\/p>\n<p style=\"text-align: justify;\"><em><strong>Valeriya hvala za \u010das in hvala, da si na\u0161a. Lepo te je bilo imeti v klopeh na\u0161e gimnazije in upamo, da bo tudi v bodo\u010de (ko bo\u0161 \u017ee pridna \u0161tudentka) \u0161e velikokrat &#8220;padla kak\u0161na skupna kavica&#8221; \ud83d\ude42 Dr\u017eimo pesti za \u0161tevilne maturitetne to\u010dke.<\/strong><\/em><\/p>\n<pre>Pogovarjala se je Nata\u0161a Mur\u0161ec, profesorica sloven\u0161\u010dine na ERUDIO Zasebni gimnaziji.<\/pre>\n<p>&nbsp;<\/p>\n","protected":false},"excerpt":{"rendered":"<p>Valeriya Musina je tista na\u0161a ERUDIO gimnazijka, ki kljub kratkemu bivanju v Sloveniji pri pouku sloven\u0161\u010dine posega po najvi\u0161jih ocenah. In prav takih ocen je vajena tudi v \u0161portu, s katerim je rasla najprej v svoji domovini, Rusiji, in s&#8230; <a class=\"more-link\" href=\"https:\/\/www.erudio.si\/blog\/valeriya-musina\/\">Nadaljuj z branjem &rarr;<\/a><\/p>\n","protected":false},"author":23,"featured_media":3805,"comment_status":"closed","ping_status":"closed","sticky":false,"template":"","format":"standard","meta":{"_monsterinsights_skip_tracking":false,"_monsterinsights_sitenote_active":false,"_monsterinsights_sitenote_note":"","_monsterinsights_sitenote_category":0,"ngg_post_thumbnail":0},"categories":[81,29,41],"tags":[194,46,83,45,67,69,400,94,80,399],"_links":{"self":[{"href":"https:\/\/www.erudio.si\/blog\/wp-json\/wp\/v2\/posts\/3804"}],"collection":[{"href":"https:\/\/www.erudio.si\/blog\/wp-json\/wp\/v2\/posts"}],"about":[{"href":"https:\/\/www.erudio.si\/blog\/wp-json\/wp\/v2\/types\/post"}],"author":[{"embeddable":true,"href":"https:\/\/www.erudio.si\/blog\/wp-json\/wp\/v2\/users\/23"}],"replies":[{"embeddable":true,"href":"https:\/\/www.erudio.si\/blog\/wp-json\/wp\/v2\/comments?post=3804"}],"version-history":[{"count":7,"href":"https:\/\/www.erudio.si\/blog\/wp-json\/wp\/v2\/posts\/3804\/revisions"}],"predecessor-version":[{"id":3831,"href":"https:\/\/www.erudio.si\/blog\/wp-json\/wp\/v2\/posts\/3804\/revisions\/3831"}],"wp:featuredmedia":[{"embeddable":true,"href":"https:\/\/www.erudio.si\/blog\/wp-json\/wp\/v2\/media\/3805"}],"wp:attachment":[{"href":"https:\/\/www.erudio.si\/blog\/wp-json\/wp\/v2\/media?parent=3804"}],"wp:term":[{"taxonomy":"category","embeddable":true,"href":"https:\/\/www.erudio.si\/blog\/wp-json\/wp\/v2\/categories?post=3804"},{"taxonomy":"post_tag","embeddable":true,"href":"https:\/\/www.erudio.si\/blog\/wp-json\/wp\/v2\/tags?post=3804"}],"curies":[{"name":"wp","href":"https:\/\/api.w.org\/{rel}","templated":true}]}}