
{"id":2293,"date":"2017-02-06T08:00:57","date_gmt":"2017-02-06T07:00:57","guid":{"rendered":"https:\/\/www.erudio.si\/blog\/?p=2293"},"modified":"2017-02-14T13:21:16","modified_gmt":"2017-02-14T12:21:16","slug":"vpis-v-erudio-zasebno-gimnazijo","status":"publish","type":"post","link":"https:\/\/www.erudio.si\/blog\/vpis-v-erudio-zasebno-gimnazijo\/","title":{"rendered":"NE OKLEVAJTE &#8211; \u0160TEVILO MEST JE OMEJENO"},"content":{"rendered":"<h5>NE OKLEVAJTE, DA NE BO PREPOZNO!<\/h5>\n<p>Za mizo simpati\u010dna petnajstletnica z rokavom skrivaj bri\u0161e solze. Obraz srame\u017eljivo zakriva z rokami. Tudi njena mami\u00a0pove\u0161a pogled. Vsem nam je neprijetno. Pravkar sem jima namre\u010d povedala, da se v 1. letnik, \u017eal, \u00a0ne more ve\u010d vpisati, ker so vsa mesta \u017ee zasedena.<\/p>\n<h5>ERUDIO ZASEBNA GIMNAZIJA<\/h5>\n<p>Z omenjenim dekletom (imenovala jo bom Ana) in z njenimi star\u0161i smo se prvi\u010d sre\u010dali pred enim letom, na informativnem dnevu. V\u0161e\u010d jim je bila na\u0161a \u0161ola, resno so razmi\u0161ljali o vpisu. Povedali so, da imajo na dosedanji \u0161oli nekaj slabih izku\u0161enj in da \u017eelijo za Ano druga\u010den, bolj prijazen \u0161olski sistem. Potem so se \u0161e nekajkrat oglasili na pogovoru. Skrbelo jih je, saj so si resni\u010dno \u017eeleli, da bi izbrali kar najbolj\u0161e.<\/p>\n<p>Ani je bilo pri nas v\u0161e\u010d, star\u0161a pa sta imela pomisleke. Ali bo izobrazba, ki jo bo pridobila na na\u0161i \u0161oli, enakovredna izobrazbi uglednih ljubljanskih gimnazij? Kak\u0161ni so dijaki na na\u0161i \u0161oli? Sli\u0161ati je, da so iz dokaj premo\u017enih dru\u017ein? In, nenazadnje, pla\u010dati bo potrebno \u0161olnino &#8211; morda pa vendarle poskusijo najprej na javni \u0161oli, ki je brezpla\u010dna?<\/p>\n<p>Tak\u0161ni in podobni so pomisleki ve\u010dine. In res, velikokrat se odlo\u010dijo in poskusijo najprej na drugi \u0161oli, pod predpostavko, da se bodo pa\u010d prepisali na Erudio, \u010de ne bo \u0161lo. Razumljivo. Legitimno. Ampak, \u017eal, smo tudi na <a href=\"https:\/\/www.erudio.si\/slovenscina\/gimnazija\/erudio-zasebna-gimnazija\">Erudio zasebni gimnaziji<\/a> omejeni s \u0161tevilom razpolo\u017eljivih mest in vedno pogosteje se dogajajo situacije, kot je opisana. Takrat nam je vsem hudo. Na <a href=\"https:\/\/www.erudio.si\/slovenscina\/gimnazija\/erudio-zasebna-gimnazija\">Erudio zasebni gimnazij<\/a>i izvajamo javno veljavni gimnazijski program, ki ga dijaki po \u0161tirih letih zaklju\u010dijo s splo\u0161no maturo kot na ostalih slovenskih gimnazijah. Uspeh je odvisen od njihovih ambicij in truda. Na\u0161a naloga je, da poskrbimo za kvaliteten pouk, dostop do gradiva, mo\u017enosti ocenjevanja in prijetno, vzpodbudno vzdu\u0161je. Ve\u010dina dijakov tak\u0161en sistem sprejme, kar prinese tudi dobre rezultate.<\/p>\n<p>Smo gimnazija razli\u010dnih mladostnikov, ki se dobro razumejo med sabo. Razredi so sestavljeni iz \u0161portnikov, umetnikov, dijakov s posebnimi potrebami in dijakov, ki se bolje in raje znajdejo v razredih, kjer je manj dijakov, kjer se vsi med seboj poznamo in la\u017eje in u\u010dinkoviteje sodelujemo.<\/p>\n<div dir=\"auto\"><\/div>\n<h5 dir=\"auto\">VPIS NA ERUDIO ZASEBNO GIMNAZIJO<\/h5>\n<div dir=\"auto\">Vpis na Erudio zasebno gimnazijo poteka po enakem postopku kot vpis na druge srednje \u0161ole. U\u010denci bodo v mesecu marcu na osnovnih \u0161olah dobili prijave za vpis, skupaj jih boste izpolnili in vrnili nazaj na \u0161ole. \u0160ole nam jih bodo poslale najkasneje <strong>do 4. aprila 2017<\/strong>.<\/div>\n<blockquote>\n<h5 dir=\"auto\" style=\"text-align: center;\">PRIJAVE NA SREDNJE \u0160OLE DO 4. APRILA 2017!<\/h5>\n<\/blockquote>\n<div dir=\"auto\">\u010ce \u017eelite prijavo oddati osebno, si jo lahko natisnete s spletne strani <a href=\"http:\/\/www.mizs.gov.si\/\">www.mizs.gov.si<\/a> ali pa jo kupite v knjigarnah DZS in jo izpolnjeno po\u0161ljete ali prinesete na \u0161olo najkasneje do 4. aprila 2017.<\/div>\n<div dir=\"auto\"><\/div>\n<div dir=\"auto\">Vse, ki boste oddali prijavo na na\u0161o gimnazijo, bomo v za\u010detku meseca maja obvestili o morebitni omejitvi vpisa in vas povabili na pogovor skupaj z va\u0161im otrokom.<\/div>\n<div dir=\"auto\"><\/div>\n<div dir=\"auto\">Tisti, ki imate glede vpisa pomisleke in bi se \u017eeleli predhodno posvetovati, ste vabljeni, da se nam oglasite, in dogovorili se bomo za sestanek, kjer lahko skupaj ugotovimo, \u010de je na\u0161a gimnazija primerna odlo\u010ditev za va\u0161ega mladostnika.<\/div>\n<div dir=\"auto\"><\/div>\n<pre dir=\"auto\">Alenka Rakun, psihologinja, svetovalna delavka na ERUDIO zasebni gimnaziji.<\/pre>\n","protected":false},"excerpt":{"rendered":"<p>NE OKLEVAJTE, DA NE BO PREPOZNO! Za mizo simpati\u010dna petnajstletnica z rokavom skrivaj bri\u0161e solze. Obraz srame\u017eljivo zakriva z rokami. Tudi njena mami\u00a0pove\u0161a pogled. Vsem nam je neprijetno. Pravkar sem jima namre\u010d povedala, da se v 1. letnik, \u017eal, \u00a0ne&#8230; <a class=\"more-link\" href=\"https:\/\/www.erudio.si\/blog\/vpis-v-erudio-zasebno-gimnazijo\/\">Nadaljuj z branjem &rarr;<\/a><\/p>\n","protected":false},"author":23,"featured_media":2295,"comment_status":"closed","ping_status":"closed","sticky":false,"template":"","format":"standard","meta":{"_monsterinsights_skip_tracking":false,"_monsterinsights_sitenote_active":false,"_monsterinsights_sitenote_note":"","_monsterinsights_sitenote_category":0,"ngg_post_thumbnail":0},"categories":[29,33],"tags":[46,83,45,79,342,343],"_links":{"self":[{"href":"https:\/\/www.erudio.si\/blog\/wp-json\/wp\/v2\/posts\/2293"}],"collection":[{"href":"https:\/\/www.erudio.si\/blog\/wp-json\/wp\/v2\/posts"}],"about":[{"href":"https:\/\/www.erudio.si\/blog\/wp-json\/wp\/v2\/types\/post"}],"author":[{"embeddable":true,"href":"https:\/\/www.erudio.si\/blog\/wp-json\/wp\/v2\/users\/23"}],"replies":[{"embeddable":true,"href":"https:\/\/www.erudio.si\/blog\/wp-json\/wp\/v2\/comments?post=2293"}],"version-history":[{"count":6,"href":"https:\/\/www.erudio.si\/blog\/wp-json\/wp\/v2\/posts\/2293\/revisions"}],"predecessor-version":[{"id":2300,"href":"https:\/\/www.erudio.si\/blog\/wp-json\/wp\/v2\/posts\/2293\/revisions\/2300"}],"wp:featuredmedia":[{"embeddable":true,"href":"https:\/\/www.erudio.si\/blog\/wp-json\/wp\/v2\/media\/2295"}],"wp:attachment":[{"href":"https:\/\/www.erudio.si\/blog\/wp-json\/wp\/v2\/media?parent=2293"}],"wp:term":[{"taxonomy":"category","embeddable":true,"href":"https:\/\/www.erudio.si\/blog\/wp-json\/wp\/v2\/categories?post=2293"},{"taxonomy":"post_tag","embeddable":true,"href":"https:\/\/www.erudio.si\/blog\/wp-json\/wp\/v2\/tags?post=2293"}],"curies":[{"name":"wp","href":"https:\/\/api.w.org\/{rel}","templated":true}]}}