
{"id":2167,"date":"2016-12-20T11:52:36","date_gmt":"2016-12-20T10:52:36","guid":{"rendered":"https:\/\/www.erudio.si\/blog\/?p=2167"},"modified":"2016-12-20T11:52:36","modified_gmt":"2016-12-20T10:52:36","slug":"krst-fazanov-2","status":"publish","type":"post","link":"https:\/\/www.erudio.si\/blog\/krst-fazanov-2\/","title":{"rendered":"SVE\u010cAN SPREJEM (KRST) ERUDIO FAZANOV"},"content":{"rendered":"<p>Kot se za stare bajte <a href=\"https:\/\/www.erudio.si\/slovenscina\/gimnazija\/erudio-zasebna-gimnazija?gclid=CIHYzda0gtECFUHnGwoddsAP5w\">ERUDIO zasebne gimnazije<\/a> spodobi, so tudi letos novincem, torej fazan\u010dkom iz 1. letnika, pripravili &#8220;topel sprejem&#8221; &#8211; krst fazanov.<\/p>\n<h5>KRST NAMESTO ILIADE<\/h5>\n<p>Dobrodo\u0161lico so pripravili v ponedeljek, 19. decembra. Da bi bila sre\u010da popolna, so jih\u00a0presenetili kar med uro sloven\u0161\u010dine. \u010ceprav so bili\u00a0zelo zatopljeni v Ahilovo izpoved v Iliadi, so sklenili, da jim Homer ne bo zameril, \u010de so tokrat sami dele\u017eni epskega dogodka \ud83d\ude42<\/p>\n<p>Priznati moramo, da so se dijaki 3. letnikov zelo potrudili. Pot so jim posuli s kockami in jim tako povedali, da jih v \u017eivljenju poleg cvetja \u010daka tudi trnje.<\/p>\n<p>Ko so jih okronali s fazanskimi pokrivali, se je dogodek lahko za\u010del. Pod strogimi o\u010desi in u\u0161esi ostalih gimnazijcev in profesorjev, so prv\u010dki morali zadovoljivo opraviti marsikatero nalogo. Tako so pokazali svoje slikarske sposobnosti (le da so te potekale dogodku primerno &#8211; z zavezanimi o\u010dmi), manjkale niso niti naloge, s katerimi so fazan\u010dki dodobra razmigali svoje perje in krhke kosti.<\/p>\n<h5>KRST NA ERUDIU &#8211; PRIJETNO DO\u017dIVETJE TUDI ZA FAZANE<\/h5>\n<p>Juna\u0161ko so se borili in odli\u010dno opravili z vsemi ovirami, ki so jih \u010dakale na poti do sprejema med polnopravne \u010dlane dijakov ERUDIO zasebne gimnazije. Krst se je zaklju\u010dil s sve\u010dano prisego fazanov, ki so spoznali, da je krst na ERUDIU prav prijeten dogodek.<\/p>\n<h5>KRSTILI TUDI PROFESORJE<\/h5>\n<div id=\"attachment_2171\" style=\"width: 277px\" class=\"wp-caption aligncenter\"><img aria-describedby=\"caption-attachment-2171\" loading=\"lazy\" class=\"wp-image-2171\" src=\"https:\/\/www.erudio.si\/blog\/wp-content\/uploads\/2016\/12\/prfoksi-krst-1.png\" alt=\"prfoksi-krst-1\" width=\"267\" height=\"267\" srcset=\"https:\/\/www.erudio.si\/blog\/wp-content\/uploads\/2016\/12\/prfoksi-krst-1.png 800w, https:\/\/www.erudio.si\/blog\/wp-content\/uploads\/2016\/12\/prfoksi-krst-1-150x150.png 150w, https:\/\/www.erudio.si\/blog\/wp-content\/uploads\/2016\/12\/prfoksi-krst-1-300x300.png 300w, https:\/\/www.erudio.si\/blog\/wp-content\/uploads\/2016\/12\/prfoksi-krst-1-768x768.png 768w, https:\/\/www.erudio.si\/blog\/wp-content\/uploads\/2016\/12\/prfoksi-krst-1-600x600.png 600w\" sizes=\"(max-width: 267px) 100vw, 267px\" \/><p id=\"caption-attachment-2171\" class=\"wp-caption-text\">Krst fazanov &#8211; profesorjev.<\/p><\/div>\n<p>Temu pa lahko pritrdimo tudi profesorji, ki smo se u\u010diteljskemu zboru priklju\u010dili v teko\u010dem \u0161olskem letu. \u00a0Dijaki so namre\u010d krst pripravili tudi nam. Dokazali smo, da znamo peti in igrati na in\u0161trumente, \u010detudi kdaj kak\u0161en ton pobegne v napa\u010dno smer \ud83d\ude09<\/p>\n<p>Tudi tokrat lahko zavpijemo: krst fazanov 2016\/17 je uspel! Dobrodo\u0161li prv\u010dki. Postali ste polnopravni \u010dlani ERUDIO zasebne gimnazije.<\/p>\n<pre>Nata\u0161a Mur\u0161ec, profesorica sloven\u0161\u010dine na ERUDIO zasebni gimnaziji.<\/pre>\n<p>&nbsp;<\/p>\n","protected":false},"excerpt":{"rendered":"<p>Kot se za stare bajte ERUDIO zasebne gimnazije spodobi, so tudi letos novincem, torej fazan\u010dkom iz 1. letnika, pripravili &#8220;topel sprejem&#8221; &#8211; krst fazanov. KRST NAMESTO ILIADE Dobrodo\u0161lico so pripravili v ponedeljek, 19. decembra. Da bi bila sre\u010da popolna, so&#8230; <a class=\"more-link\" href=\"https:\/\/www.erudio.si\/blog\/krst-fazanov-2\/\">Nadaljuj z branjem &rarr;<\/a><\/p>\n","protected":false},"author":23,"featured_media":2172,"comment_status":"closed","ping_status":"closed","sticky":false,"template":"","format":"standard","meta":{"_monsterinsights_skip_tracking":false,"_monsterinsights_sitenote_active":false,"_monsterinsights_sitenote_note":"","_monsterinsights_sitenote_category":0,"ngg_post_thumbnail":0},"categories":[29,31],"tags":[194,46,83,45,318,319,80],"_links":{"self":[{"href":"https:\/\/www.erudio.si\/blog\/wp-json\/wp\/v2\/posts\/2167"}],"collection":[{"href":"https:\/\/www.erudio.si\/blog\/wp-json\/wp\/v2\/posts"}],"about":[{"href":"https:\/\/www.erudio.si\/blog\/wp-json\/wp\/v2\/types\/post"}],"author":[{"embeddable":true,"href":"https:\/\/www.erudio.si\/blog\/wp-json\/wp\/v2\/users\/23"}],"replies":[{"embeddable":true,"href":"https:\/\/www.erudio.si\/blog\/wp-json\/wp\/v2\/comments?post=2167"}],"version-history":[{"count":3,"href":"https:\/\/www.erudio.si\/blog\/wp-json\/wp\/v2\/posts\/2167\/revisions"}],"predecessor-version":[{"id":2174,"href":"https:\/\/www.erudio.si\/blog\/wp-json\/wp\/v2\/posts\/2167\/revisions\/2174"}],"wp:featuredmedia":[{"embeddable":true,"href":"https:\/\/www.erudio.si\/blog\/wp-json\/wp\/v2\/media\/2172"}],"wp:attachment":[{"href":"https:\/\/www.erudio.si\/blog\/wp-json\/wp\/v2\/media?parent=2167"}],"wp:term":[{"taxonomy":"category","embeddable":true,"href":"https:\/\/www.erudio.si\/blog\/wp-json\/wp\/v2\/categories?post=2167"},{"taxonomy":"post_tag","embeddable":true,"href":"https:\/\/www.erudio.si\/blog\/wp-json\/wp\/v2\/tags?post=2167"}],"curies":[{"name":"wp","href":"https:\/\/api.w.org\/{rel}","templated":true}]}}